{"id":9979,"date":"2026-04-30T20:59:44","date_gmt":"2026-04-30T20:59:44","guid":{"rendered":"https:\/\/vozoperario.pt\/jornal\/?p=9979"},"modified":"2026-04-30T20:59:44","modified_gmt":"2026-04-30T20:59:44","slug":"abril-que-nos-une","status":"publish","type":"post","link":"https:\/\/vozoperario.pt\/jornal\/2026\/04\/30\/abril-que-nos-une\/","title":{"rendered":"Abril que nos une"},"content":{"rendered":"\n<p>Mais de cinquenta anos depois do 25 de Abril de 1974, a Voz do Oper\u00e1rio continua a assinalar esta data com um programa educativo que cruza mem\u00f3ria, participa\u00e7\u00e3o e criatividade. Ao longo do m\u00eas de abril, crian\u00e7as de diferentes idades s\u00e3o envolvidas em atividades que procuram dar sentido \u00e0 palavra liberdade, n\u00e3o como conceito abstrato, mas como experi\u00eancia vivida.<\/p>\n\n\n\n<p>Uma das linhas orientadoras destas comemora\u00e7\u00f5es \u00e9 a liga\u00e7\u00e3o \u00e0 comunidade. Em v\u00e1rios espa\u00e7os, fam\u00edlias e convidados que viveram a Revolu\u00e7\u00e3o s\u00e3o chamados a partilhar testemunhos, aproximando a hist\u00f3ria das crian\u00e7as de forma concreta.<\/p>\n\n\n\n<p>No Lavradio, o livro&nbsp;<em>Galochas Vermelhas<\/em>&nbsp;serviu de ponto de partida para a explora\u00e7\u00e3o do tema. As crian\u00e7as visitaram uma florista para adquirir cravos e participaram na constru\u00e7\u00e3o de uma \u201c\u00c1rvore da Liberdade\u201d, reunindo mensagens e desenhos das fam\u00edlias.<\/p>\n\n\n\n<p>Na Baixa da Banheira, o mesmo livro deu origem a sess\u00f5es de hora do conto, complementadas, no dia 24 de abril, com a ida ao teatro para assistir a um espet\u00e1culo alusivo \u00e0 data.<\/p>\n\n\n\n<p>No Laranjeiro, a celebra\u00e7\u00e3o ganhou express\u00e3o art\u00edstica e comunit\u00e1ria. As crian\u00e7as cantaram e dan\u00e7aram a can\u00e7\u00e3o da gaivota, acompanhadas por acorde\u00e3o, com apresenta\u00e7\u00f5es entre val\u00eancias. As mais velhas sa\u00edram \u00e0 rua para distribuir um jornal, levando a mensagem de Abril \u00e0 comunidade. Foi ainda criada uma galeria de fotografias a preto e branco com s\u00edmbolos do 25 de Abril em acetato. Na creche, uma pintura coletiva deu origem a um mural onde as fam\u00edlias foram convidadas a escrever o que significa liberdade.<\/p>\n\n\n\n<p>Na Creche da Ajuda, o m\u00eas foi marcado por momentos de partilha com as fam\u00edlias, m\u00fasica de Abril nas salas, leitura de hist\u00f3rias como&nbsp;<em>Migrante<\/em>&nbsp;e ateliers de constru\u00e7\u00e3o de cravos.<\/p>\n\n\n\n<p>J\u00e1 nas creches da Ilha dos Amores, Quinta dos Ourives e Gra\u00e7a, a celebra\u00e7\u00e3o estendeu-se ao espa\u00e7o p\u00fablico, com arruadas e distribui\u00e7\u00e3o de cravos, acompanhadas por atividades de express\u00e3o pl\u00e1stica e musical.<\/p>\n\n\n\n<p>Nos 1.\u00ba e 2.\u00ba ciclos da Gra\u00e7a, as iniciativas centraram-se na reflex\u00e3o cr\u00edtica: debates sobre liberdade, testemunhos de convidados, simula\u00e7\u00f5es de aulas no per\u00edodo pr\u00e9-25 de Abril, constru\u00e7\u00e3o de murais e trabalhos escritos e visuais. Os alunos participaram ainda em atividades promovidas pela junta de freguesia e integraram um espet\u00e1culo musical na Pra\u00e7a Paiva Couceiro, no dia 24 de abril.<\/p>\n\n\n\n<p>Na escola da Cal\u00e7ada da Ajuda, destacou-se a participa\u00e7\u00e3o no Coro Miss\u00e3o para a Democracia, no Centro Cultural de Bel\u00e9m, bem como oficinas de cartazes com envolvimento das fam\u00edlias.<\/p>\n\n\n\n<p>Ao longo de todas estas iniciativas, h\u00e1 um denominador comum: fazer com que cada crian\u00e7a compreenda que a liberdade n\u00e3o \u00e9 um dado adquirido, mas um valor que exige mem\u00f3ria, participa\u00e7\u00e3o e responsabilidade.<\/p>\n\n\n\n<p>Mais do que assinalar uma data, a Voz do Oper\u00e1rio procura, assim, formar cidad\u00e3os conscientes, capazes de reconhecer o significado do 25 de Abril. Ontem, hoje e no futuro.<\/p>\n","protected":false},"excerpt":{"rendered":"<p>A Voz do Oper\u00e1rio celebrou o 25 de Abril nos seus espa\u00e7os educativos.<\/p>\n","protected":false},"author":31,"featured_media":9980,"comment_status":"closed","ping_status":"closed","sticky":false,"template":"","format":"standard","meta":[],"categories":[43],"tags":[],"coauthors":[111],"acf":[],"_links":{"self":[{"href":"https:\/\/vozoperario.pt\/jornal\/wp-json\/wp\/v2\/posts\/9979"}],"collection":[{"href":"https:\/\/vozoperario.pt\/jornal\/wp-json\/wp\/v2\/posts"}],"about":[{"href":"https:\/\/vozoperario.pt\/jornal\/wp-json\/wp\/v2\/types\/post"}],"author":[{"embeddable":true,"href":"https:\/\/vozoperario.pt\/jornal\/wp-json\/wp\/v2\/users\/31"}],"replies":[{"embeddable":true,"href":"https:\/\/vozoperario.pt\/jornal\/wp-json\/wp\/v2\/comments?post=9979"}],"version-history":[{"count":2,"href":"https:\/\/vozoperario.pt\/jornal\/wp-json\/wp\/v2\/posts\/9979\/revisions"}],"predecessor-version":[{"id":9982,"href":"https:\/\/vozoperario.pt\/jornal\/wp-json\/wp\/v2\/posts\/9979\/revisions\/9982"}],"wp:featuredmedia":[{"embeddable":true,"href":"https:\/\/vozoperario.pt\/jornal\/wp-json\/wp\/v2\/media\/9980"}],"wp:attachment":[{"href":"https:\/\/vozoperario.pt\/jornal\/wp-json\/wp\/v2\/media?parent=9979"}],"wp:term":[{"taxonomy":"category","embeddable":true,"href":"https:\/\/vozoperario.pt\/jornal\/wp-json\/wp\/v2\/categories?post=9979"},{"taxonomy":"post_tag","embeddable":true,"href":"https:\/\/vozoperario.pt\/jornal\/wp-json\/wp\/v2\/tags?post=9979"},{"taxonomy":"author","embeddable":true,"href":"https:\/\/vozoperario.pt\/jornal\/wp-json\/wp\/v2\/coauthors?post=9979"}],"curies":[{"name":"wp","href":"https:\/\/api.w.org\/{rel}","templated":true}]}}