{"id":9975,"date":"2026-04-30T20:55:35","date_gmt":"2026-04-30T20:55:35","guid":{"rendered":"https:\/\/vozoperario.pt\/jornal\/?p=9975"},"modified":"2026-04-30T20:55:36","modified_gmt":"2026-04-30T20:55:36","slug":"a-luta-e-o-unico-caminho","status":"publish","type":"post","link":"https:\/\/vozoperario.pt\/jornal\/2026\/04\/30\/a-luta-e-o-unico-caminho\/","title":{"rendered":"A luta \u00e9 o \u00fanico caminho"},"content":{"rendered":"\n<p>Com muito sangue e l\u00e1grimas, quem trabalha conquistou um dia seu para dele fazer uma bandeira permanente de luta. O Dia Internacional dos Trabalhadores celebra-se de variadas maneiras nos diferentes pa\u00edses do mundo, nalguns debaixo dos bast\u00f5es e canh\u00f5es de \u00e1gua da pol\u00edcia. Em Portugal, esta importante jornada de luta \u00e9 encabe\u00e7ada pela principal central sindical nacional, a CGTP-IN, que mobiliza as mais importantes express\u00f5es de for\u00e7a da classe trabalhadora. Este ano, n\u00e3o \u00e9 exce\u00e7\u00e3o.<\/p>\n\n\n\n<p>Perante uma das maiores ofensivas dos grandes grupos econ\u00f3micos e financeiros e do governo que os representa, os trabalhadores est\u00e3o sob a amea\u00e7a de uma nova reforma laboral que pode retirar ainda mais direitos e afundar quem trabalha num inferno ainda pior. Num processo anti-democr\u00e1tico, o executivo liderado por Lu\u00eds Montenegro excluiu a central sindical que mais trabalhadores representa, fazendo negocia\u00e7\u00f5es nos bastidores. Depois de uma potente greve geral que mostrou um cart\u00e3o vermelho ao governo, a CGTP-IN vai avan\u00e7ar este 1.\u00ba de Maio com o an\u00fancio de uma nova jornada de luta que tem o objetivo de derrotar o Pacote Laboral e mostrar aos partidos que possam estar dispostos a viabiliz\u00e1-lo na Assembleia da Rep\u00fablica que os trabalhadores est\u00e3o atentos.<\/p>\n\n\n\n<p>A mobiliza\u00e7\u00e3o massiva no 25 de Abril mostrou, uma vez mais, que os trabalhadores e o povo n\u00e3o querem retrocessos. Querem garantir os direitos consagrados na Constitui\u00e7\u00e3o da Rep\u00fablica Portuguesa e defender melhores condi\u00e7\u00f5es de vida para quem trabalha. Perante as graves amea\u00e7as aos trabalhadores, a CGTP-IN assume novamente o repto de estar do lado certo da hist\u00f3ria. Se algu\u00e9m no futuro nos perguntar onde est\u00e1vamos quando nos tentaram roubar direitos, tenhamos o orgulho de poder responder que estivemos no combate, sem medos, por n\u00f3s e pelos nossos filhos.<\/p>\n","protected":false},"excerpt":{"rendered":"<p>A mobiliza\u00e7\u00e3o massiva no 25 de Abril mostrou, uma vez mais, que os trabalhadores e o povo n\u00e3o querem retrocessos. Querem garantir os direitos consagrados na Constitui\u00e7\u00e3o da Rep\u00fablica Portuguesa e defender melhores condi\u00e7\u00f5es de vida para quem trabalha.<\/p>\n","protected":false},"author":153,"featured_media":9138,"comment_status":"closed","ping_status":"closed","sticky":false,"template":"","format":"standard","meta":[],"categories":[37],"tags":[],"coauthors":[89],"acf":[],"_links":{"self":[{"href":"https:\/\/vozoperario.pt\/jornal\/wp-json\/wp\/v2\/posts\/9975"}],"collection":[{"href":"https:\/\/vozoperario.pt\/jornal\/wp-json\/wp\/v2\/posts"}],"about":[{"href":"https:\/\/vozoperario.pt\/jornal\/wp-json\/wp\/v2\/types\/post"}],"author":[{"embeddable":true,"href":"https:\/\/vozoperario.pt\/jornal\/wp-json\/wp\/v2\/users\/153"}],"replies":[{"embeddable":true,"href":"https:\/\/vozoperario.pt\/jornal\/wp-json\/wp\/v2\/comments?post=9975"}],"version-history":[{"count":2,"href":"https:\/\/vozoperario.pt\/jornal\/wp-json\/wp\/v2\/posts\/9975\/revisions"}],"predecessor-version":[{"id":9978,"href":"https:\/\/vozoperario.pt\/jornal\/wp-json\/wp\/v2\/posts\/9975\/revisions\/9978"}],"wp:featuredmedia":[{"embeddable":true,"href":"https:\/\/vozoperario.pt\/jornal\/wp-json\/wp\/v2\/media\/9138"}],"wp:attachment":[{"href":"https:\/\/vozoperario.pt\/jornal\/wp-json\/wp\/v2\/media?parent=9975"}],"wp:term":[{"taxonomy":"category","embeddable":true,"href":"https:\/\/vozoperario.pt\/jornal\/wp-json\/wp\/v2\/categories?post=9975"},{"taxonomy":"post_tag","embeddable":true,"href":"https:\/\/vozoperario.pt\/jornal\/wp-json\/wp\/v2\/tags?post=9975"},{"taxonomy":"author","embeddable":true,"href":"https:\/\/vozoperario.pt\/jornal\/wp-json\/wp\/v2\/coauthors?post=9975"}],"curies":[{"name":"wp","href":"https:\/\/api.w.org\/{rel}","templated":true}]}}