{"id":9972,"date":"2026-04-30T20:50:45","date_gmt":"2026-04-30T20:50:45","guid":{"rendered":"https:\/\/vozoperario.pt\/jornal\/?p=9972"},"modified":"2026-04-30T20:50:46","modified_gmt":"2026-04-30T20:50:46","slug":"o-1-o-de-maio-e-a-luta-contra-o-pacote-laboral","status":"publish","type":"post","link":"https:\/\/vozoperario.pt\/jornal\/2026\/04\/30\/o-1-o-de-maio-e-a-luta-contra-o-pacote-laboral\/","title":{"rendered":"O 1.\u00ba de Maio e a luta contra o Pacote Laboral"},"content":{"rendered":"\n<p>A origem remonta \u00e0 greve geral de 1886, nos Estados Unidos, pela reivindica\u00e7\u00e3o das oito horas de trabalho di\u00e1rio, culminando na repress\u00e3o violenta que se abateu sobre os manifestantes em Chicago. Desde ent\u00e3o, o 1.\u00ba de Maio tornou-se um marco universal da dignidade laboral e da afirma\u00e7\u00e3o de que os direitos dos trabalhadores n\u00e3o s\u00e3o concess\u00f5es, mas conquistas arrancadas pela luta coletiva.<\/p>\n\n\n\n<p>Ao longo do s\u00e9culo XX, os trabalhadores alcan\u00e7aram avan\u00e7os significativos. Em Portugal foi com a Revolu\u00e7\u00e3o do 25 de Abril de 1974 que foram conquistados direitos como o sal\u00e1rio m\u00ednimo, a limita\u00e7\u00e3o do hor\u00e1rio de trabalho, o descanso semanal, as f\u00e9rias pagas, a prote\u00e7\u00e3o na doen\u00e7a e na velhice, bem como a contrata\u00e7\u00e3o coletiva, pilares de uma sociedade mais justa, consagrando a Constitui\u00e7\u00e3o da Rep\u00fablica Portuguesa estes direitos fundamentais.<\/p>\n\n\n\n<p>Neste percurso foi determinante o papel da CGTP-Intersindical Nacional, fundada em 1970, destacando-se como uma voz firme e coerente na defesa dos interesses dos trabalhadores, promovendo a unidade, a mobiliza\u00e7\u00e3o e a resist\u00eancia face \u00e0s sucessivas tentativas de retrocesso dos direitos arduamente alcan\u00e7ados. A sua interven\u00e7\u00e3o foi e \u00e9 essencial na afirma\u00e7\u00e3o de direitos e no combate a pr\u00e1ticas que colocam em causa a dignidade do trabalho.<\/p>\n\n\n\n<p>Contudo, os avan\u00e7os conquistados ao longo de d\u00e9cadas enfrentam hoje grandes desafios. O Pacote Laboral que o Governo e o grande patronato querem impor, apresenta um conjunto de medidas que, sob o pretexto da moderniza\u00e7\u00e3o, introduz altera\u00e7\u00f5es que significam, isso sim, um regresso \u00e0s pr\u00e1ticas de um passado long\u00ednquo, representando um profundo retrocesso nos direitos e na dignidade dos trabalhadores, designadamente com a flexibiliza\u00e7\u00e3o dos hor\u00e1rios, o enfraquecimento da negocia\u00e7\u00e3o coletiva, a precariza\u00e7\u00e3o dos v\u00ednculos laborais e a facilita\u00e7\u00e3o dos despedimentos.<\/p>\n\n\n\n<p>A hist\u00f3ria demonstra que uma economia baseada na redu\u00e7\u00e3o de direitos e na fragiliza\u00e7\u00e3o dos trabalhadores n\u00e3o conduz a um desenvolvimento sustent\u00e1vel, mas antes a uma sociedade profundamente desigual e injusta, sacrificando a dignidade do trabalho \u00e0 custa da explora\u00e7\u00e3o dos trabalhadores e do lucro desmedido do grande capital.<\/p>\n\n\n\n<p>Al\u00e9m do mais, todo o processo est\u00e1 ferido de inconstitucionalidade, com a encena\u00e7\u00e3o pelo Governo de uma farsa de concerta\u00e7\u00e3o social, marginalizando a principal estrutura representativa dos trabalhadores. Ao excluir a CGTP, o Governo e o grande patronato mostram ao que v\u00eam, pondo em causa um princ\u00edpio elementar da democracia consagrado na Constitui\u00e7\u00e3o, afastando a participa\u00e7\u00e3o ativa dos trabalhadores e das suas organiza\u00e7\u00f5es na defini\u00e7\u00e3o das pol\u00edticas que os afetam diretamente.<\/p>\n\n\n\n<p>Por todas estas raz\u00f5es, a comemora\u00e7\u00e3o do 1.\u00ba de Maio reveste-se de particular relev\u00e2ncia. N\u00e3o se trata apenas de celebrar conquistas passadas, mas de reafirmar a necessidade de prosseguir a luta por condi\u00e7\u00f5es de trabalho dignas, justas e humanas. Num contexto de grandes avan\u00e7os t\u00e9cnicos e cient\u00edficos, que potenciam melhores condi\u00e7\u00f5es de trabalho e de vida, nada justifica esta tentativa de enorme retrocesso civilizacional, a n\u00e3o ser a ambi\u00e7\u00e3o desmedida do grande patronato.<\/p>\n\n\n\n<p>Os trabalhadores sabem que nada pode ser dado por adquirido. Num momento em que o grande capital pretende impor medidas que comprometem d\u00e9cadas de avan\u00e7os, torna-se essencial refor\u00e7ar a consci\u00eancia coletiva e a participa\u00e7\u00e3o ativa na luta contra essas medias.<\/p>\n\n\n\n<p>Tal como no passado, em que a determina\u00e7\u00e3o dos trabalhadores permitiu conquistar direitos que pareciam inalcan\u00e7\u00e1veis, tamb\u00e9m hoje \u00e9 poss\u00edvel travar retrocessos e construir alternativas. A hist\u00f3ria do 1.\u00ba de Maio \u00e9, em \u00faltima an\u00e1lise, uma hist\u00f3ria de esperan\u00e7a e de transforma\u00e7\u00e3o. Mostra-nos que, mesmo perante adversidades, a uni\u00e3o e a luta acabam por gerar as mudan\u00e7as necess\u00e1rias.<\/p>\n\n\n\n<p>Comemoremos este 1.\u00ba de Maio, como uma grande jornada de luta contra o Pacote Laboral, reafirmando a necessidade de valorizar e respeitar o trabalho.<\/p>\n\n\n\n<p>S\u00f3 com trabalho digno, em que os direitos dos trabalhadores sejam respeitados, se poder\u00e1 perspetivar uma sociedade mais justa e desenvolvida e alcan\u00e7ar uma vida melhor.<\/p>\n","protected":false},"excerpt":{"rendered":"<p>O 1.\u00ba de Maio, Dia Internacional do Trabalhador, representa um s\u00edmbolo de luta, resist\u00eancia e conquista, nascido do sangue e da coragem de trabalhadores que, no final do s\u00e9culo XIX, enfrentavam jornadas extenuantes, condi\u00e7\u00f5es desumanas e a aus\u00eancia total de direitos.<\/p>\n","protected":false},"author":10,"featured_media":9940,"comment_status":"closed","ping_status":"closed","sticky":false,"template":"","format":"standard","meta":[],"categories":[52],"tags":[],"coauthors":[84],"acf":[],"_links":{"self":[{"href":"https:\/\/vozoperario.pt\/jornal\/wp-json\/wp\/v2\/posts\/9972"}],"collection":[{"href":"https:\/\/vozoperario.pt\/jornal\/wp-json\/wp\/v2\/posts"}],"about":[{"href":"https:\/\/vozoperario.pt\/jornal\/wp-json\/wp\/v2\/types\/post"}],"author":[{"embeddable":true,"href":"https:\/\/vozoperario.pt\/jornal\/wp-json\/wp\/v2\/users\/10"}],"replies":[{"embeddable":true,"href":"https:\/\/vozoperario.pt\/jornal\/wp-json\/wp\/v2\/comments?post=9972"}],"version-history":[{"count":2,"href":"https:\/\/vozoperario.pt\/jornal\/wp-json\/wp\/v2\/posts\/9972\/revisions"}],"predecessor-version":[{"id":9974,"href":"https:\/\/vozoperario.pt\/jornal\/wp-json\/wp\/v2\/posts\/9972\/revisions\/9974"}],"wp:featuredmedia":[{"embeddable":true,"href":"https:\/\/vozoperario.pt\/jornal\/wp-json\/wp\/v2\/media\/9940"}],"wp:attachment":[{"href":"https:\/\/vozoperario.pt\/jornal\/wp-json\/wp\/v2\/media?parent=9972"}],"wp:term":[{"taxonomy":"category","embeddable":true,"href":"https:\/\/vozoperario.pt\/jornal\/wp-json\/wp\/v2\/categories?post=9972"},{"taxonomy":"post_tag","embeddable":true,"href":"https:\/\/vozoperario.pt\/jornal\/wp-json\/wp\/v2\/tags?post=9972"},{"taxonomy":"author","embeddable":true,"href":"https:\/\/vozoperario.pt\/jornal\/wp-json\/wp\/v2\/coauthors?post=9972"}],"curies":[{"name":"wp","href":"https:\/\/api.w.org\/{rel}","templated":true}]}}