{"id":9943,"date":"2026-04-06T09:37:23","date_gmt":"2026-04-06T09:37:23","guid":{"rendered":"https:\/\/vozoperario.pt\/jornal\/?p=9943"},"modified":"2026-04-06T09:37:23","modified_gmt":"2026-04-06T09:37:23","slug":"irao-lidera-confronto-epico-entre-as-forcas-da-resistencia-e-o-imperio-genocida-ocidental","status":"publish","type":"post","link":"https:\/\/vozoperario.pt\/jornal\/2026\/04\/06\/irao-lidera-confronto-epico-entre-as-forcas-da-resistencia-e-o-imperio-genocida-ocidental\/","title":{"rendered":"Ir\u00e3o lidera confronto \u00e9pico entre as for\u00e7as da Resist\u00eancia e o Imp\u00e9rio genocida ocidental"},"content":{"rendered":"\n<p>Quem se informar nos&nbsp;<em>media&nbsp;<\/em>ocidentais, dificilmente conseguir\u00e1 fazer sentido da realidade. Durante anos, venderam-nos a ideia de um \u201cregime iraniano\u201d autorit\u00e1rio, corrupto e sem apoio popular \u2013 mas a realidade material estilha\u00e7a a propaganda ocidental.<\/p>\n\n\n\n<p>A Rep\u00fablica Isl\u00e2mica do Ir\u00e3o, governada pelas ditas \u201celites corruptas\u201d, providencia ao povo educa\u00e7\u00e3o gratuita (incluindo superior), sa\u00fade p\u00fablica universal de qualidade, e reforma aos 55 anos para mulheres e aos 62 para homens \u2013 que as massas do \u201cmundo livre\u201d nunca ter\u00e3o. A lideran\u00e7a iraniana n\u00e3o s\u00f3 conseguiu manter um grande leque de servi\u00e7os e apoios sociais apesar de d\u00e9cadas de san\u00e7\u00f5es, como preparou o pa\u00eds para enfrentar esta guerra que agora lhe foi imposta pela maior pot\u00eancia militar do mundo.<\/p>\n\n\n\n<p>Um m\u00eas ap\u00f3s o in\u00edcio da guerra, apesar dos bombardeamentos que v\u00e3o destruindo infra-estruturas civis e edif\u00edcios residenciais, a vida em todo o Ir\u00e3o decorre dentro da normalidade poss\u00edvel, com os com\u00e9rcios abertos e sem falta de bens essenciais nos mercados ou de combust\u00edvel nas bombas de gasolina. Todos os dias h\u00e1 grandes manifesta\u00e7\u00f5es de apoio ao governo e \u00e0s for\u00e7as armadas, que exigem retalia\u00e7\u00f5es devastadoras contra israel e os EUA e rejeitam qualquer compromisso com o inimigo.<\/p>\n\n\n\n<p>Apesar de muitos dos \u201ctiranos\u201d terem sido assassinados, o anunciado colapso da Rep\u00fablica Isl\u00e2mica do Ir\u00e3o n\u00e3o chegou. Muitos desses ditos \u201cd\u00e9spotas corruptos\u201d passaram a vida a preparar o pa\u00eds para enfrentar este momento \u2013 mesmo sabendo que, a qualquer momento, podiam ser assassinados pelo regime mais tir\u00e2nico \u00e0 face da terra, e que n\u00e3o estariam c\u00e1 para colher os frutos da vit\u00f3ria sobre o Grande Sat\u00e3.<\/p>\n\n\n\n<p>Khamenei foi assassinado na sua resid\u00eancia nas primeiras horas da guerra, junto com v\u00e1rios familiares. Na madrugada seguinte, duas horas ap\u00f3s o an\u00fancio do seu mart\u00edrio, nas ruas de Teer\u00e3o havia j\u00e1 um mar de gente que chorava a morte do seu l\u00edder e exigia vingan\u00e7a.<\/p>\n\n\n\n<p>A 13 de Mar\u00e7o, Pezeshkian, Ali Larijani, Araghchi e v\u00e1rias outras figuras de estado, nas suas primeiras apari\u00e7\u00f5es p\u00fablicas desde o in\u00edcio da guerra, marcharam no meio do seu povo no Dia Internacional de Al-Quds (Jerusal\u00e9m), que juntou milh\u00f5es de pessoas em todo o Ir\u00e3o, reafirmando o compromisso da Rep\u00fablica Isl\u00e2mica com a liberta\u00e7\u00e3o da Palestina \u2013 mesmo sob o risco de assassinato.<\/p>\n\n\n\n<p><strong>Resist\u00eancia desmantela<\/strong> <strong>infra-estrutura do Imp\u00e9rio<\/strong> <strong>na regi\u00e3o<\/strong><\/p>\n\n\n\n<p>Desde as primeiras horas da guerra, as for\u00e7as armadas iranianas e as IRGC puseram em marcha o desmantelamento met\u00f3dico da infra-estrutura norte-americana e israelita em toda a regi\u00e3o. Primeiro, os sistemas de radar nas bases norte-americanas no Golfo P\u00e9rsico, que permitiam monitorizar os lan\u00e7amentos de m\u00edsseis iranianos, e depois o progressivo desmantelamento do resto das estruturas das bases. Hot\u00e9is e arranha-c\u00e9us que alojavam tropas norte-americanas tamb\u00e9m foram atacados, assim como um grande leque de alvos do complexo militar israelita na Palestina ocupada.<\/p>\n\n\n\n<p>V\u00e1rias for\u00e7as do Eixo da Resist\u00eancia juntaram-se \u00e0 batalha, pois entendem que esta guerra \u00e9 existencial e que, se o Ir\u00e3o ca\u00edsse, o L\u00edbano, o I\u00e9men e a Palestina ficariam completamente isolados. Afinal, o Ir\u00e3o \u00e9 o \u00fanico pa\u00eds que apoia as for\u00e7as da regi\u00e3o que confrontam o imperialismo ocidental.<\/p>\n\n\n\n<p>A intensidade e frequ\u00eancia dos ataques da Resist\u00eancia levou v\u00e1rios pa\u00edses (como a Espanha, It\u00e1lia e Pol\u00f3nia), e a pr\u00f3pria NATO, a evacuar as suas for\u00e7as do Iraque. Os EUA abandonaram todas as posi\u00e7\u00f5es no Iraque, excepto no Curdist\u00e3o iraquiano, e coordenam agora as opera\u00e7\u00f5es a partir da Jord\u00e2nia e da col\u00f3nia sionista \u2013 com o pr\u00f3prio New York Times a admitir que \u201cmuitas das 13 bases militares da regi\u00e3o utilizadas pelas tropas americanas est\u00e3o praticamente inabit\u00e1veis\u201d. Com boa parte dos sistemas de radar destru\u00eddos e os sistemas anti-a\u00e9reos cada vez mais esgotados, muitas das for\u00e7as americanas s\u00e3o agora for\u00e7adas a trabalhar \u201cremotamente\u201d.<\/p>\n\n\n\n<p>Ap\u00f3s ano e meio a ouvir analistas ocidentais a anunciar o fim do Hezbollah, a resist\u00eancia libanesa surpreendeu at\u00e9 os seus mais fervorosos apoiantes com uma entrada poderosa na guerra, confrontando a invas\u00e3o israelita ao longo da fronteira, infligindo pesadas baixas nas fileiras da ocupa\u00e7\u00e3o, e destruindo ou danificando mais de 150 tanques merkava em menos de um m\u00eas. Em paralelo, o Hezbollah ataca diariamente alvos no interior da Palestina ocupada com drones e m\u00edsseis \u2013 a 18 de Mar\u00e7o, um m\u00edssil liban\u00eas atingiu pela primeira vez na Hist\u00f3ria um alvo em Asqalan (ashkelon), junto ao campo de concentra\u00e7\u00e3o de Gaza, a 200 km da fronteira libanesa.<\/p>\n\n\n\n<p>Nos EAU, Bahrain, Qatar, Kuwait e Jord\u00e2nia, jornalistas, artistas, acad\u00e9micos e centenas de pessoas comuns foram detidas por manifestar apoio ao Ir\u00e3o, homenagear Khamenei, criticar os seus governos por interceptarem m\u00edsseis dirigidos \u00e0 entidade sionista, ou somente por gravarem impactos de m\u00edsseis iranianos. Alguns foram torturados at\u00e9 \u00e0 morte. Fica assim evidente quais s\u00e3o os regimes realmente desp\u00f3ticos e repressivos da regi\u00e3o. Gra\u00e7as \u00e0 falta de liberdade de imprensa nas monarquias do Golfo, nem sequer \u00e9 poss\u00edvel saber exactamente quantas pessoas foram detidas, ou o que lhes aconteceu.<\/p>\n\n\n\n<p>De Washington, Trump afirma desesperadamente que o Ir\u00e3o quer negociar \u2013 enquanto a lideran\u00e7a iraniana reitera diariamente que s\u00f3 aceitar\u00e1 terminar a guerra quando forem garantidas cinco condi\u00e7\u00f5es: o completo cessar das agress\u00f5es; o encerramento das bases americanas na regi\u00e3o; o pagamento de indemniza\u00e7\u00f5es de guerra; o reconhecimento da soberania iraniana sobre o Estreito de Ormuz; e o fim definitivo da guerra em todas a frentes envolvendo for\u00e7as da Resist\u00eancia (incluindo L\u00edbano, I\u00e9men e Palestina).<\/p>\n\n\n\n<p>O castelo de cartas somos n\u00f3s.<\/p>\n","protected":false},"excerpt":{"rendered":"<p>A guerra que decidir\u00e1 o curso do mundo foi iniciada pelo Imp\u00e9rio a 28 de Fevereiro \u2013 mas \u00e9 a Resist\u00eancia que vai decidir quando terminar\u00e1.<\/p>\n","protected":false},"author":161,"featured_media":9944,"comment_status":"closed","ping_status":"closed","sticky":false,"template":"","format":"standard","meta":[],"categories":[47],"tags":[],"coauthors":[256],"acf":[],"_links":{"self":[{"href":"https:\/\/vozoperario.pt\/jornal\/wp-json\/wp\/v2\/posts\/9943"}],"collection":[{"href":"https:\/\/vozoperario.pt\/jornal\/wp-json\/wp\/v2\/posts"}],"about":[{"href":"https:\/\/vozoperario.pt\/jornal\/wp-json\/wp\/v2\/types\/post"}],"author":[{"embeddable":true,"href":"https:\/\/vozoperario.pt\/jornal\/wp-json\/wp\/v2\/users\/161"}],"replies":[{"embeddable":true,"href":"https:\/\/vozoperario.pt\/jornal\/wp-json\/wp\/v2\/comments?post=9943"}],"version-history":[{"count":2,"href":"https:\/\/vozoperario.pt\/jornal\/wp-json\/wp\/v2\/posts\/9943\/revisions"}],"predecessor-version":[{"id":9946,"href":"https:\/\/vozoperario.pt\/jornal\/wp-json\/wp\/v2\/posts\/9943\/revisions\/9946"}],"wp:featuredmedia":[{"embeddable":true,"href":"https:\/\/vozoperario.pt\/jornal\/wp-json\/wp\/v2\/media\/9944"}],"wp:attachment":[{"href":"https:\/\/vozoperario.pt\/jornal\/wp-json\/wp\/v2\/media?parent=9943"}],"wp:term":[{"taxonomy":"category","embeddable":true,"href":"https:\/\/vozoperario.pt\/jornal\/wp-json\/wp\/v2\/categories?post=9943"},{"taxonomy":"post_tag","embeddable":true,"href":"https:\/\/vozoperario.pt\/jornal\/wp-json\/wp\/v2\/tags?post=9943"},{"taxonomy":"author","embeddable":true,"href":"https:\/\/vozoperario.pt\/jornal\/wp-json\/wp\/v2\/coauthors?post=9943"}],"curies":[{"name":"wp","href":"https:\/\/api.w.org\/{rel}","templated":true}]}}