{"id":9551,"date":"2025-11-04T15:30:17","date_gmt":"2025-11-04T15:30:17","guid":{"rendered":"https:\/\/vozoperario.pt\/jornal\/?p=9551"},"modified":"2025-12-04T23:25:54","modified_gmt":"2025-12-04T23:25:54","slug":"eua-vs-venezuela-entre-a-tragedia-e-a-farsa","status":"publish","type":"post","link":"https:\/\/vozoperario.pt\/jornal\/2025\/11\/04\/eua-vs-venezuela-entre-a-tragedia-e-a-farsa\/","title":{"rendered":"EUA vs. Venezuela entre a trag\u00e9dia e a farsa"},"content":{"rendered":"\n<p>Diversas embarca\u00e7\u00f5es civis t\u00eam sido atacadas e destru\u00eddas sob a forma de execu\u00e7\u00f5es extra-judiciais, pelos militares norte-americanos, sob o pretexto de que se trata de opera\u00e7\u00f5es de combate ao narcotr\u00e1fico, provocando, at\u00e9 ao momento mais de seis dezenas de mortos. Sem a exibi\u00e7\u00e3o de qualquer prova, os EUA estenderam tamb\u00e9m ao pac\u00edfico oriental a sua opera\u00e7\u00e3o, ao largo da Col\u00f4mbia, outra na\u00e7\u00e3o que se recusa a submeter-se aos ditames pol\u00edticos e a abrir as portas dos seus recursos naturais aos interesses da Casa Branca e das grandes transnacionais norte-americanas.<\/p>\n\n\n\n<p>Com as maiores reservas petrol\u00edferas estimadas no mundo, a Venezuela constitui um caso extremo de despudor da pol\u00edtica do imp\u00e9rio para se apropriar desse e doutros recursos naturais da na\u00e7\u00e3o sul-americana. Num exerc\u00edcio de especial cinismo, Obama emitiu uma nota em que considerava a Venezuela uma \u201cespecial amea\u00e7a\u201d contra a seguran\u00e7a dos Estados Unidos, decretando uma s\u00e9rie de san\u00e7\u00f5es econ\u00f3micas contra o pa\u00eds e seus dirigentes.<\/p>\n\n\n\n<p>Extremada por Trump no seu primeiro mandato e no essencial mantida por Biden, a guerra econ\u00f3mica reduziu vastas camadas do povo venezuelano \u00e0 mis\u00e9ria extrema. Naquele primeiro consulado de Donald Trump, morria-se nos hospitais venezuelanos por falta de insulina e outros medicamentos essenciais. A extra\u00e7\u00e3o petrol\u00edfera, dependente de tecnologia norte-americana para a sua refina\u00e7\u00e3o, teve de ser reduzida para um por cento dos seus n\u00edveis habituais, colapsando a economia do pa\u00eds. Os relatos desses anos, s\u00e3o os de uma trag\u00e9dia inimagin\u00e1vel para quem n\u00e3o a viveu ou conheceu.<\/p>\n\n\n\n<p>A ofensiva culminou, ent\u00e3o, com a farsa do \u201creconhecimento ocidental\u201d do deputado Juan Guaid\u00f3, alegado oposicionista ao Presidente Nicol\u00e1s Maduro, mas, na realidade, um agente de influ\u00eancia dos EUA. Tamb\u00e9m ent\u00e3o, em 2019, navios norte-americanos bordejaram as \u00e1guas territoriais do pa\u00eds e comandos terrestres com apoio da CIA, tentaram lan\u00e7ar o caos a partir do interior. A farsa de Guaid\u00f3 cessou ingloriamente, com a recolha do seu agente aos EUA onde, atualmente, \u201cgere\u201d o bloqueio das verbas dos activos venezuelanos \u201cbloqueados\u201d, por Washington.<\/p>\n\n\n\n<h2 class=\"wp-block-heading\">Saber a li\u00e7\u00e3o de cor<\/h2>\n\n\n\n<p>Um segundo recurso venezuelano escapa ao controlo dos EUA, as For\u00e7as Armadas Nacionais Bolivarianas. O ensaio intentado nas elei\u00e7\u00f5es presidenciais de 2024 pretendia atribuir a vit\u00f3ria a Edmundo Urrutia Gonz\u00e1lez e Mar\u00eda Corina Machado, duas figuras da inger\u00eancia norte-americana similares a Guaid\u00f3. As vers\u00f5es postas a circular de fraude eleitoral por parte do poder revolucion\u00e1rio venezuelano ca\u00edram por terra pelas evid\u00eancias contr\u00e1rias. E, h\u00e1 poucas semanas, numa entrevista com Christiane Amampour, para a CNN Internacional, que a CNN Portugal retransmitiu, Corina explicou como \u201cvenceu\u201d essa elei\u00e7\u00e3o. Nas suas pr\u00f3prias palavras \u201crecolhemos 85% dos boletins de voto, lev\u00e1mo-los para zonas secretas, digitaliz\u00e1mo-los e foi assim que mostr\u00e1mos a nossa vit\u00f3ria ao mundo\u201d.<\/p>\n\n\n\n<p>O ritual cortejo de tochas que percorre as ruas de Oslo por ocasi\u00e3o da entrega do pr\u00e9mio Nobel da Paz, acabado de atribuir pelo Comit\u00e9 Nobel, a esta insigne \u201clutadora pela paz e pela democracia\u201d, n\u00e3o se realizar\u00e1 este ano porque os 15 mil integrantes das organiza\u00e7\u00f5es promotoras da cerim\u00f3nia anunciaram que a outorga do Nobel \u00e0quela agente de influ\u00eancia da CIA na Venezuela contrariava os mais elementares princ\u00edpios que devem reger a atribui\u00e7\u00e3o do pr\u00e9mio.<\/p>\n\n\n\n<p>Com as declara\u00e7\u00f5es da China e da R\u00fassia de apoio incondicional ao governo de Nicol\u00e1s Maduro, atrav\u00e9s, nomeadamente de tratados de coopera\u00e7\u00e3o militar ilimitada, uma interven\u00e7\u00e3o terrestre das For\u00e7as Armadas norte-americanas parece dif\u00edcil de acontecer. Maduro abriu portas a uma mobiliza\u00e7\u00e3o paramilitar do povo venezuelano que num m\u00eas registou 8,5 milh\u00f5es de cidad\u00e3os que se voluntariaram para combater pela independ\u00eancia do seu pa\u00eds. Dar forma\u00e7\u00e3o militar e armas a quase um ter\u00e7o da popula\u00e7\u00e3o com base no alistamento volunt\u00e1rio n\u00e3o parece pr\u00f3prio de um regime ditatorial, outra das acusa\u00e7\u00f5es dirigidas contra a revolu\u00e7\u00e3o bolivariana. Da Col\u00f4mbia, o presidente Gustavo Petro fez saber que uma interven\u00e7\u00e3o militar norte-americana na Venezuela ser\u00e1 entendida como uma agress\u00e3o contra toda a Am\u00e9rica Latina. Id\u00eanticos sinais chegam do M\u00e9xico, de Cuba ou da Nicar\u00e1gua. Pelo mundo, fala-se da constitui\u00e7\u00e3o de Brigadas Internacionais para defender a Venezuela, se necess\u00e1rio for, como ocorreu h\u00e1 perto de cem anos, com a Espanha republicana.<\/p>\n\n\n\n<p>A Hist\u00f3ria parece assim, repetir-se. Esperemos que, neste caso, como trampa e farsa de Trump e n\u00e3o como trag\u00e9dia para a popula\u00e7\u00e3o venezuelana, integrada por mais de 500 mil portugueses e luso-descendentes que, perante o agressivo desprezo do governo portugu\u00eas pelas autoridades de Caracas, dificilmente escapariam \u00e0s bombas democraticamente lan\u00e7adas sobre eles por Washington.<\/p>\n","protected":false},"excerpt":{"rendered":"<p>Incessante desde que, em 1999, Hugo Ch\u00e1vez iniciou o processo revolucion\u00e1rio na Venezuela, reduzindo, em apenas uma d\u00e9cada, para metade a percentagem da popula\u00e7\u00e3o em situa\u00e7\u00e3o de pobreza, a interven\u00e7\u00e3o norte-americana nos destinos do pa\u00eds exprime-se, nos \u00faltimos dois meses, pelo estacionamento de uma esquadra da marinha dos Estados Unidos da Am\u00e9rica (EUA) no mar das Cara\u00edbas e no Atl\u00e2ntico, ao largo da Venezuela.<\/p>\n","protected":false},"author":157,"featured_media":9552,"comment_status":"closed","ping_status":"closed","sticky":false,"template":"","format":"standard","meta":[],"categories":[47],"tags":[],"coauthors":[252],"acf":[],"_links":{"self":[{"href":"https:\/\/vozoperario.pt\/jornal\/wp-json\/wp\/v2\/posts\/9551"}],"collection":[{"href":"https:\/\/vozoperario.pt\/jornal\/wp-json\/wp\/v2\/posts"}],"about":[{"href":"https:\/\/vozoperario.pt\/jornal\/wp-json\/wp\/v2\/types\/post"}],"author":[{"embeddable":true,"href":"https:\/\/vozoperario.pt\/jornal\/wp-json\/wp\/v2\/users\/157"}],"replies":[{"embeddable":true,"href":"https:\/\/vozoperario.pt\/jornal\/wp-json\/wp\/v2\/comments?post=9551"}],"version-history":[{"count":6,"href":"https:\/\/vozoperario.pt\/jornal\/wp-json\/wp\/v2\/posts\/9551\/revisions"}],"predecessor-version":[{"id":9659,"href":"https:\/\/vozoperario.pt\/jornal\/wp-json\/wp\/v2\/posts\/9551\/revisions\/9659"}],"wp:featuredmedia":[{"embeddable":true,"href":"https:\/\/vozoperario.pt\/jornal\/wp-json\/wp\/v2\/media\/9552"}],"wp:attachment":[{"href":"https:\/\/vozoperario.pt\/jornal\/wp-json\/wp\/v2\/media?parent=9551"}],"wp:term":[{"taxonomy":"category","embeddable":true,"href":"https:\/\/vozoperario.pt\/jornal\/wp-json\/wp\/v2\/categories?post=9551"},{"taxonomy":"post_tag","embeddable":true,"href":"https:\/\/vozoperario.pt\/jornal\/wp-json\/wp\/v2\/tags?post=9551"},{"taxonomy":"author","embeddable":true,"href":"https:\/\/vozoperario.pt\/jornal\/wp-json\/wp\/v2\/coauthors?post=9551"}],"curies":[{"name":"wp","href":"https:\/\/api.w.org\/{rel}","templated":true}]}}