{"id":9464,"date":"2025-10-14T15:37:35","date_gmt":"2025-10-14T15:37:35","guid":{"rendered":"https:\/\/vozoperario.pt\/jornal\/?p=9464"},"modified":"2025-11-10T16:16:13","modified_gmt":"2025-11-10T16:16:13","slug":"arte-urbana-contra-o-genocidio","status":"publish","type":"post","link":"https:\/\/vozoperario.pt\/jornal\/2025\/10\/14\/arte-urbana-contra-o-genocidio\/","title":{"rendered":"Arte urbana contra o genoc\u00eddio"},"content":{"rendered":"\n<p>A Red Zone Gallery integra obras de mais de meia centena de autores e a inaugura\u00e7\u00e3o levou ao espa\u00e7o centenas de visitantes que puderam participar em debates e assistir a v\u00e1rios espet\u00e1culos musicais.<\/p>\n\n\n\n<p>Vhils, Bordalo II, Akacorleone, Tamara Alves, c`marie, Gon\u00e7alo Mar, a dupla Halfstudio, Miguel Janu\u00e1rio (\u00b1), Jaime Ferraz, Jorge Charrua, Rita Ravasco, Sepher AWK, Mafalda MG, Love for Rebellion e&nbsp;Ant\u00f3nio Alves s\u00e3o alguns dos artistas envolvidos no projeto. De acordo com os organizadores \u00e0 ag\u00eancia de not\u00edcias Lusa, na g\u00e9nese desta galeria tempor\u00e1ria est\u00e1 um mural de Jo\u00e3o Pereira, que assina como Bugster. O objetivo era pintar um mural que abordasse o que se passa na Faixa de Gaza, e com o qual se pretendia \u201cdesafiar a aten\u00e7\u00e3o das pessoas\u201d. O artista ia faz\u00ea-lo na rua, mas como n\u00e3o encontrou nenhuma parede com as dimens\u00f5es que queria, Jo\u00e3o Pereira acabou por optar por cri\u00e1-lo no edif\u00edcio onde entretanto nasceu a Red Zone Gallery, que j\u00e1 conhecia e onde \u201cpoderia estar com alguma tranquilidade\u201d.<\/p>\n\n\n\n<p>Num local conhecido e frequentado sobretudo por jovens da zona, mas tamb\u00e9m por elementos da comunidade do graffiti, conseguiu passar tr\u00eas dias a pintar sem ser incomodado. No final, abordou tr\u00eas adolescentes que ali estavam e quis saber o que achavam da obra, o que viam, o que lhes transmitia. O di\u00e1logo que teve com eles impulsionou-o a querer mais. Partilhou a ideia com alguns artistas com quem tem mais proximidade, explicando-lhes o que tinha feito e onde, que havia mais espa\u00e7o e que poderiam juntar-se todos um dia a pintar. Ao longo das \u00faltimas semanas, em ritmos e dias diferentes, os mais de 50 artistas foram intervindo no espa\u00e7o, que \u201ccomunica uma mensagem mais forte do que todas as pe\u00e7as e obras\u201d. Um dos objetivos era que a Red Zone Gallery fosse \u201cum lugar de conversa, de di\u00e1logo\u201d. \u201cEssa \u00e9 a base da nossa linha, criar coisas que iniciam conversas\u201d, afirmou Jo\u00e3o Pereira \u00e0 Lusa.<\/p>\n\n\n\n<p>No dia da inaugura\u00e7\u00e3o, houve conversas sobre \u201co poder da express\u00e3o art\u00edstica na constru\u00e7\u00e3o da consci\u00eancia sobre a causa palestiniana\u201d e \u201co papel da comunica\u00e7\u00e3o social na cobertura do genoc\u00eddio palestiniano, o impacto da morte de jornalistas e a forma\u00e7\u00e3o da opini\u00e3o p\u00fablica\u201d, que contou com a participa\u00e7\u00e3o de artistas de v\u00e1rias \u00e1reas, jornalistas e elementos de organiza\u00e7\u00f5es como a M\u00e9dicos Sem Fronteiras, a Parents for Peace e do MPPM &#8211; Movimento pelos direitos do povo palestino e pela Paz no M\u00e9dio Oriente. Houve ainda atua\u00e7\u00f5es musicais no Espa\u00e7o Cultural Fernando Augusto, tamb\u00e9m na P\u00f3voa de Santa Iria, com as cantoras J\u00fcra e Cristina Clara, os `rappers` Buda XL, Ri\u00e7a, Tilt e Maze, e o produtor spock.<\/p>\n","protected":false},"excerpt":{"rendered":"<p>Num edif\u00edcio em ru\u00ednas na zona fabril da P\u00f3voa de Santa Iria, perto de Lisboa, nasceu uma galeria art\u00edstica em solidariedade com o povo palestiniano e em protesto contra o genoc\u00eddio levado a cabo por Israel.<\/p>\n","protected":false},"author":153,"featured_media":9465,"comment_status":"closed","ping_status":"closed","sticky":false,"template":"","format":"standard","meta":[],"categories":[50],"tags":[],"coauthors":[89],"acf":[],"_links":{"self":[{"href":"https:\/\/vozoperario.pt\/jornal\/wp-json\/wp\/v2\/posts\/9464"}],"collection":[{"href":"https:\/\/vozoperario.pt\/jornal\/wp-json\/wp\/v2\/posts"}],"about":[{"href":"https:\/\/vozoperario.pt\/jornal\/wp-json\/wp\/v2\/types\/post"}],"author":[{"embeddable":true,"href":"https:\/\/vozoperario.pt\/jornal\/wp-json\/wp\/v2\/users\/153"}],"replies":[{"embeddable":true,"href":"https:\/\/vozoperario.pt\/jornal\/wp-json\/wp\/v2\/comments?post=9464"}],"version-history":[{"count":4,"href":"https:\/\/vozoperario.pt\/jornal\/wp-json\/wp\/v2\/posts\/9464\/revisions"}],"predecessor-version":[{"id":9567,"href":"https:\/\/vozoperario.pt\/jornal\/wp-json\/wp\/v2\/posts\/9464\/revisions\/9567"}],"wp:featuredmedia":[{"embeddable":true,"href":"https:\/\/vozoperario.pt\/jornal\/wp-json\/wp\/v2\/media\/9465"}],"wp:attachment":[{"href":"https:\/\/vozoperario.pt\/jornal\/wp-json\/wp\/v2\/media?parent=9464"}],"wp:term":[{"taxonomy":"category","embeddable":true,"href":"https:\/\/vozoperario.pt\/jornal\/wp-json\/wp\/v2\/categories?post=9464"},{"taxonomy":"post_tag","embeddable":true,"href":"https:\/\/vozoperario.pt\/jornal\/wp-json\/wp\/v2\/tags?post=9464"},{"taxonomy":"author","embeddable":true,"href":"https:\/\/vozoperario.pt\/jornal\/wp-json\/wp\/v2\/coauthors?post=9464"}],"curies":[{"name":"wp","href":"https:\/\/api.w.org\/{rel}","templated":true}]}}