{"id":8769,"date":"2025-02-06T15:10:55","date_gmt":"2025-02-06T15:10:55","guid":{"rendered":"https:\/\/vozoperario.pt\/jornal\/?p=8769"},"modified":"2025-02-06T15:10:56","modified_gmt":"2025-02-06T15:10:56","slug":"comemoracao-do-142-o-aniversario-e-homenagem-a-antonio-modesto-navarro","status":"publish","type":"post","link":"https:\/\/vozoperario.pt\/jornal\/2025\/02\/06\/comemoracao-do-142-o-aniversario-e-homenagem-a-antonio-modesto-navarro\/","title":{"rendered":"Comemora\u00e7\u00e3o do 142.\u00ba Anivers\u00e1rio e homenagem a Ant\u00f3nio Modesto Navarro"},"content":{"rendered":"\n<p>S\u00e3o 142 anos de uma vida plena de \u00eaxito no cumprimento do des\u00edgnio dos seus fundadores, de defesa dos direitos dos trabalhadores, pugnando pela sua dignifica\u00e7\u00e3o e eleva\u00e7\u00e3o cultural, com&nbsp;uma hist\u00f3ria muita rica ao servi\u00e7o dos s\u00f3cios e da comunidade.<\/p>\n\n\n\n<p>Num momento em que os trabalhadores e o povo enfrentam um per\u00edodo particularmente dif\u00edcil, importa salientar qu\u00e3o atuais s\u00e3o os princ\u00edpios que nortearam a funda\u00e7\u00e3o d\u2019A Voz do Oper\u00e1rio, que nascida da luta dos oper\u00e1rios contra a explora\u00e7\u00e3o, sempre esteve no lado da luta pela emancipa\u00e7\u00e3o dos povos, pela liberdade, por uma vida melhor, numa sociedade em que todos tenham as mesmas condi\u00e7\u00f5es.<\/p>\n\n\n\n<p>Integrada na comemora\u00e7\u00e3o do anivers\u00e1rio, a nossa Institui\u00e7\u00e3o procede anualmente \u00e0 homenagem a uma personalidade de m\u00e9rito reconhecido, tendo este ano a Dire\u00e7\u00e3o decidido distinguir o escritor Ant\u00f3nio Modesto Navarro, pela important\u00edssima obra publicada, em que a defesa das causas dos trabalhadores e do povo s\u00e3o bem vincadas, bem como pela sua atividade c\u00edvica em prol dessas causas.<\/p>\n\n\n\n<p>Ant\u00f3nio Modesto Navarro nasceu em Vila Flor em 1942. Conclu\u00edda a 4\u00aa classe, trabalhou na oficina de ferrador de seu pai dos 10 aos 21 anos. Cumpriu o servi\u00e7o militar, parte dele na guerra colonial em Mo\u00e7ambique, \u00e0 qual sempre manifestou oposi\u00e7\u00e3o.<\/p>\n\n\n\n<p>Dedicou-se depois \u00e0 publicidade, ingressou no Minist\u00e9rio da Cultura, de que foi t\u00e9cnico superior principal, foi assessor da administra\u00e7\u00e3o da Sociedade Lisboa 1994 \u2013 Capital Europeia da Cultura e do Pelouro da Educa\u00e7\u00e3o da C\u00e2mara Municipal de Lisboa.<\/p>\n\n\n\n<p>Come\u00e7ou a ter contacto com a vida pol\u00edtica na campanha de Humberto Delgado para as elei\u00e7\u00f5es de 1958.<\/p>\n\n\n\n<p>Participou ativamente na campanha da CDE nas elei\u00e7\u00f5es de 1963, tendo mais tarde integrado a sua comiss\u00e3o executiva.<\/p>\n\n\n\n<p>Pela m\u00e3o de Jos\u00e9 Saramago, ingressou no Partido Comunista Portugu\u00eas em 1971.<\/p>\n\n\n\n<p>Participou, em 1973, no Congresso da Oposi\u00e7\u00e3o Democr\u00e1tica onde apresentou tr\u00eas teses.<\/p>\n\n\n\n<p>Foi preso pela PIDE em 6 de abril de 1974, tendo sido libertado na v\u00e9spera da Revolu\u00e7\u00e3o. Desta experi\u00eancia resultou o livro Pris\u00e3o e isolamento em Caxias.<\/p>\n\n\n\n<p>Trabalhou com os militares na Comiss\u00e3o Dinamizadora Central da 5\u00aa divis\u00e3o do Movimento das For\u00e7as Armadas.<\/p>\n\n\n\n<p>Foi Deputado da Assembleia Municipal de Lisboa, tendo sido seu Presidente de 2003 a 2005.<\/p>\n\n\n\n<p>Recebeu a Medalha de Ouro da Cidade em 2002.<\/p>\n\n\n\n<p>Desenvolveu uma grande atividade associativa designadamente na Devir, na Associa\u00e7\u00e3o Portuguesa de Escritores, de que foi fundador, na Associa\u00e7\u00e3o do Nordeste Transmontano, na Casa de Tr\u00e1s-os-Montes e Alto Douro em Lisboa, de que foi Presidente do Conselho Regional, tendo igualmente sido fundador da Associa\u00e7\u00e3o Conquistas da Revolu\u00e7\u00e3o.<\/p>\n\n\n\n<p>Neste contexto, salientamos com todo o orgulho ter sido Presidente da Dire\u00e7\u00e3o d\u2019A Voz do Oper\u00e1rio entre 2007 e 2010.<\/p>\n\n\n\n<p>Autodidata,&nbsp;iniciou a sua atividade liter\u00e1ria em 1968 com um livro de contos, Libelo acusat\u00f3rio, prefaciado por Jos\u00e9 Saramago. Publicou mais de quatro dezenas de obras, muitas reeditadas, sempre numa perspetiva de den\u00fancia da explora\u00e7\u00e3o, relatando as dif\u00edceis condi\u00e7\u00f5es de sobreviv\u00eancia, a prepot\u00eancia dos ricos e poderosos, tendo sempre como horizonte a constru\u00e7\u00e3o de uma sociedade melhor.<\/p>\n\n\n\n<p>A den\u00fancia do regime fascista acarretou-lhe a proibi\u00e7\u00e3o e apreens\u00e3o de dois livros (Hist\u00f3ria do soldado que n\u00e3o foi condecorado e Emigra\u00e7\u00e3o e crise no Nordeste Transmontano).<\/p>\n\n\n\n<p>Tamb\u00e9m enveredou pela escrita policial tendo-lhe sido atribu\u00eddo em 1991 o Pr\u00e9mio Caminho de Literatura Policial.<\/p>\n\n\n\n<p>Colaborou regularmente em diversas revistas e jornais, como Seara Nova, V\u00e9rtice, A Capital, O Di\u00e1rio e Di\u00e1rio de Lisboa e continua a colaborar em diversas publica\u00e7\u00f5es.<\/p>\n\n\n\n<p>Por todas estas raz\u00f5es \u00e9 uma grande honra para a Voz do Oper\u00e1rio passar a contar com t\u00e3o importante S\u00f3cio Honor\u00e1rio, estando a cerim\u00f3nia agendada para o pr\u00f3ximo dia 22, com a tradicional sess\u00e3o solene e jantar, para a qual convidamos os s\u00f3cios e amigos.<\/p>\n\n\n\n<p>Comemoramos os 142 anos de hist\u00f3ria da Voz do Oper\u00e1rio, com a grande miss\u00e3o de prosseguir o legado de quem sonhou este t\u00e3o rico projeto.<\/p>\n","protected":false},"excerpt":{"rendered":"<p>A Sociedade de Instru\u00e7\u00e3o e Benefic\u00eancia A Voz do Oper\u00e1rio est\u00e1 de novo de parab\u00e9ns. Comemora este m\u00eas o seu 142\u00ba anivers\u00e1rio, recordando que foi a 13 de fevereiro de 1883 que um grupo de oper\u00e1rios tabaqueiros fundou esta prestigiada Institui\u00e7\u00e3o.<\/p>\n","protected":false},"author":10,"featured_media":7517,"comment_status":"closed","ping_status":"closed","sticky":false,"template":"","format":"standard","meta":[],"categories":[52],"tags":[],"coauthors":[84],"acf":[],"_links":{"self":[{"href":"https:\/\/vozoperario.pt\/jornal\/wp-json\/wp\/v2\/posts\/8769"}],"collection":[{"href":"https:\/\/vozoperario.pt\/jornal\/wp-json\/wp\/v2\/posts"}],"about":[{"href":"https:\/\/vozoperario.pt\/jornal\/wp-json\/wp\/v2\/types\/post"}],"author":[{"embeddable":true,"href":"https:\/\/vozoperario.pt\/jornal\/wp-json\/wp\/v2\/users\/10"}],"replies":[{"embeddable":true,"href":"https:\/\/vozoperario.pt\/jornal\/wp-json\/wp\/v2\/comments?post=8769"}],"version-history":[{"count":2,"href":"https:\/\/vozoperario.pt\/jornal\/wp-json\/wp\/v2\/posts\/8769\/revisions"}],"predecessor-version":[{"id":8771,"href":"https:\/\/vozoperario.pt\/jornal\/wp-json\/wp\/v2\/posts\/8769\/revisions\/8771"}],"wp:featuredmedia":[{"embeddable":true,"href":"https:\/\/vozoperario.pt\/jornal\/wp-json\/wp\/v2\/media\/7517"}],"wp:attachment":[{"href":"https:\/\/vozoperario.pt\/jornal\/wp-json\/wp\/v2\/media?parent=8769"}],"wp:term":[{"taxonomy":"category","embeddable":true,"href":"https:\/\/vozoperario.pt\/jornal\/wp-json\/wp\/v2\/categories?post=8769"},{"taxonomy":"post_tag","embeddable":true,"href":"https:\/\/vozoperario.pt\/jornal\/wp-json\/wp\/v2\/tags?post=8769"},{"taxonomy":"author","embeddable":true,"href":"https:\/\/vozoperario.pt\/jornal\/wp-json\/wp\/v2\/coauthors?post=8769"}],"curies":[{"name":"wp","href":"https:\/\/api.w.org\/{rel}","templated":true}]}}