{"id":8761,"date":"2025-01-23T22:44:40","date_gmt":"2025-01-23T22:44:40","guid":{"rendered":"https:\/\/vozoperario.pt\/jornal\/?p=8761"},"modified":"2025-01-23T22:44:41","modified_gmt":"2025-01-23T22:44:41","slug":"bairro-penajoia-em-luta-em-dia-de-demolicoes","status":"publish","type":"post","link":"https:\/\/vozoperario.pt\/jornal\/2025\/01\/23\/bairro-penajoia-em-luta-em-dia-de-demolicoes\/","title":{"rendered":"Bairro Penajoia em luta em dia de demoli\u00e7\u00f5es"},"content":{"rendered":"\n<p>A exig\u00eancia surge na sequ\u00eancia da interven\u00e7\u00e3o no bairro por parte do Instituto da Habita\u00e7\u00e3o e da Reabilita\u00e7\u00e3o Urbana (IHRU), depois de um comunicado em que dava nota de ter dado in\u00edcio \u00e0 demoli\u00e7\u00e3o de \u201cconstru\u00e7\u00f5es inacabadas e desocupadas existentes no Bairro Penajoia, em Almada\u201d. Trata-se de um bairro erguido pelas popula\u00e7\u00f5es que nele agora habitam e que migraram para Portugal em busca de um outro futuro, na esperan\u00e7a de viver com mais estabilidade econ\u00f3mica. O terreno, propriedade do IHRU, foi sendo ocupado nas \u00faltimas d\u00e9cadas, tendo crescido mais intensamente durante a pandemia. As fam\u00edlias deste bairro viram-se obrigadas a ocupar este terreno face \u00e0 falta de alternativas de habita\u00e7\u00e3o que lhes fossem acess\u00edveis enquanto trabalhadores com baixos rendimentos, e com a agravante de serem migrantes. Estima-se que, de momento, cerca de 600 agregados familiares habitem o bairro, num claro reflexo da crise habitacional que assola a \u00c1rea Metropolitana de Lisboa.<\/p>\n\n\n\n<p>Cerca de 10 casas foram destru\u00eddas, sem certeza sobre quantas ser\u00e3o no final desta opera\u00e7\u00e3o levada a cabo pelo IHRU. Pelo menos 10 agregados familiares presenciaram hoje o fim dos seus sonhos de fam\u00edlia &#8211; como por l\u00e1 se ouvia -, num processo gerido de forma atabalhoada por aquele Instituto e com uma excessiva presen\u00e7a de carga policial.<\/p>\n\n\n\n<p>A Comiss\u00e3o de Moradores, com o apoio do Movimento Vida Justa, tem reunido com o IHRU e a C\u00e2mara Municipal de Almada, num processo longo e desgastante de negocia\u00e7\u00e3o, que dura desde julho do ano passado &#8211; altura em que o Bairro recebeu o primeiro aviso de risco de demoli\u00e7\u00e3o. A amea\u00e7a que em julho n\u00e3o se concretizou chega agora por via de demoli\u00e7\u00f5es que n\u00e3o foram devidamente acompanhadas pela Comiss\u00e3o de Moradores, tal como teria sido acordado em sede de reuni\u00e3o com o IHRU. Das reuni\u00f5es resultou o entendimento &#8211; penoso para os moradores &#8211; sobre a possibilidade de demoli\u00e7\u00e3o de algumas das casas. O compromisso seria o de s\u00f3 demolir casas que ainda n\u00e3o estivessem habitadas, como forma de conter o crescimento do bairro, que \u00e9 visto como problem\u00e1tico aos olhos do IHRU e da pr\u00f3pria CMA. O aviso sobre a opera\u00e7\u00e3o de demoli\u00e7\u00e3o a cargo do IHRU chegou em cima da hora, n\u00e3o dando tempo suficiente aos moradores para se organizarem de forma a garantir o devido acompanhamento das demoli\u00e7\u00f5es e dos agregados familiares que estivessem eventualmente envolvidos. Os moradores n\u00e3o conseguiram acautelar que as casas demolidas se encontravam, de facto, inacabadas e desocupadas, como o IHRU tratou de anunciar em comunicado. O IHRU fez-se, ainda, acompanhar de uma forte presen\u00e7a policial que impediu a Comiss\u00e3o de Moradores de se fazer representar no decorrer da opera\u00e7\u00e3o ou de ter sequer\u00a0 algum tipo de controlo sobre a decis\u00e3o de demoli\u00e7\u00e3o das casas.<\/p>\n\n\n\n<p>A Comiss\u00e3o de Moradores tem mostrado, desde que se constituiu, disponibilidade para dialogar e articular no que fosse necess\u00e1rio, com a ressalva de que pudessem ser parte integrante das decis\u00f5es que tivessem impacto na comunidade que entretanto se formou naquele peda\u00e7o de terreno p\u00fablico.<\/p>\n\n\n\n<p>Sob o lema \u201cestamos juntos, estamos fortes\u201d, a comunidade que d\u00e1 vida ao bairro quer garantir que ningu\u00e9m fica sem tecto e mant\u00e9m-se dispon\u00edvel para dialogar tanto com o IHRU como com a CMA sobre alternativas de resolu\u00e7\u00e3o dos problemas j\u00e1 identificados pelos pr\u00f3prios moradores no \u00e2mbito de todas as reuni\u00f5es realizadas nos \u00faltimos meses.&nbsp;<\/p>\n","protected":false},"excerpt":{"rendered":"<p>A Comiss\u00e3o de Moradores do Bairro da Penajoia, em Almada, exige a suspens\u00e3o imediata do processo de demoli\u00e7\u00e3o de casas que se encontra em curso desde o in\u00edcio da manh\u00e3 de hoje.<\/p>\n","protected":false},"author":114,"featured_media":8765,"comment_status":"closed","ping_status":"closed","sticky":false,"template":"","format":"standard","meta":[],"categories":[50],"tags":[],"coauthors":[211],"acf":[],"_links":{"self":[{"href":"https:\/\/vozoperario.pt\/jornal\/wp-json\/wp\/v2\/posts\/8761"}],"collection":[{"href":"https:\/\/vozoperario.pt\/jornal\/wp-json\/wp\/v2\/posts"}],"about":[{"href":"https:\/\/vozoperario.pt\/jornal\/wp-json\/wp\/v2\/types\/post"}],"author":[{"embeddable":true,"href":"https:\/\/vozoperario.pt\/jornal\/wp-json\/wp\/v2\/users\/114"}],"replies":[{"embeddable":true,"href":"https:\/\/vozoperario.pt\/jornal\/wp-json\/wp\/v2\/comments?post=8761"}],"version-history":[{"count":4,"href":"https:\/\/vozoperario.pt\/jornal\/wp-json\/wp\/v2\/posts\/8761\/revisions"}],"predecessor-version":[{"id":8767,"href":"https:\/\/vozoperario.pt\/jornal\/wp-json\/wp\/v2\/posts\/8761\/revisions\/8767"}],"wp:featuredmedia":[{"embeddable":true,"href":"https:\/\/vozoperario.pt\/jornal\/wp-json\/wp\/v2\/media\/8765"}],"wp:attachment":[{"href":"https:\/\/vozoperario.pt\/jornal\/wp-json\/wp\/v2\/media?parent=8761"}],"wp:term":[{"taxonomy":"category","embeddable":true,"href":"https:\/\/vozoperario.pt\/jornal\/wp-json\/wp\/v2\/categories?post=8761"},{"taxonomy":"post_tag","embeddable":true,"href":"https:\/\/vozoperario.pt\/jornal\/wp-json\/wp\/v2\/tags?post=8761"},{"taxonomy":"author","embeddable":true,"href":"https:\/\/vozoperario.pt\/jornal\/wp-json\/wp\/v2\/coauthors?post=8761"}],"curies":[{"name":"wp","href":"https:\/\/api.w.org\/{rel}","templated":true}]}}