{"id":8613,"date":"2024-12-10T14:17:19","date_gmt":"2024-12-10T14:17:19","guid":{"rendered":"https:\/\/vozoperario.pt\/jornal\/?p=8613"},"modified":"2025-01-15T19:18:42","modified_gmt":"2025-01-15T19:18:42","slug":"ilha-dos-amores-no-parque-das-nacoes-abre-novo-capitulo-na-historia-da-voz","status":"publish","type":"post","link":"https:\/\/vozoperario.pt\/jornal\/2024\/12\/10\/ilha-dos-amores-no-parque-das-nacoes-abre-novo-capitulo-na-historia-da-voz\/","title":{"rendered":"Ilha dos Amores no Parque das Na\u00e7\u00f5es abre novo cap\u00edtulo na hist\u00f3ria d\u2019A Voz"},"content":{"rendered":"\n<p>O prest\u00edgio e o papel d\u2019A Voz do Oper\u00e1rio na cidade de Lisboa ficou, uma vez mais, demonstrado na inaugura\u00e7\u00e3o da nova creche d\u2019A Voz do Oper\u00e1rio, Ilha dos Amores, no Parque das Na\u00e7\u00f5es. Com a presen\u00e7a de Manuel Figueiredo e Nuno Abreu, respetivamente presidente e diretor-geral da institui\u00e7\u00e3o, de Clara Marques Mendes, secret\u00e1ria de Estado da A\u00e7\u00e3o Social e da Inclus\u00e3o e de Carlos Moedas, presidente da C\u00e2mara Municipal, a iniciativa come\u00e7ou com Manuel Figueiredo e Carlos Moedas a descerrar a placa que marca a inaugura\u00e7\u00e3o do espa\u00e7o.<\/p>\n\n\n\n<p>Apesar de estar em funcionamento h\u00e1 quase um ano, a inaugura\u00e7\u00e3o oficial da nova creche d\u2019A Voz do Oper\u00e1rio aconteceu agora, a 22 de novembro, de acordo com a disponibilidade do atual presidente da C\u00e2mara Municipal de Lisboa. Projetado pelo anterior executivo, o atraso nas obras fez com que a abertura do espa\u00e7o se desse j\u00e1 com Carlos Moedas \u00e0 frente da cidade.<\/p>\n\n\n\n<p>Na iniciativa, esteve ainda presente o presidente da Junta de Freguesia do Parque das Na\u00e7\u00f5es que recordou os problemas na constru\u00e7\u00e3o do edif\u00edcio que estava previsto ser inaugurado antes das \u00faltimas elei\u00e7\u00f5es aut\u00e1rquicas. Para Carlos Hardisson, \u00e0 frente da mais recente freguesia de Lisboa, este espa\u00e7o d\u2019A Voz do Oper\u00e1rio \u00e9 vista com \u201cgrande satisfa\u00e7\u00e3o\u201d num territ\u00f3rio com uma das mais elevadas taxas de natalidade e que n\u00e3o tinha qualquer resposta deste tipo para acolher crian\u00e7as.<\/p>\n\n\n\n<p>O presidente d\u2019A Voz do Oper\u00e1rio evocou a hist\u00f3ria da institui\u00e7\u00e3o e saudou o papel fundamental dos trabalhadores dos diferentes equipamentos educativos. Lembrando a coopera\u00e7\u00e3o com o munic\u00edpio de Lisboa ao longo dos tempos em diversos \u00e2mbitos, onde destacou a Marcha Infantil e a Gala de Fado, sublinhou que A Voz do Oper\u00e1rio est\u00e1 dispon\u00edvel para gerir novas creches implementando o seu modelo educativo. Por outro lado, Manuel Figueiredo criticou o governo, na presen\u00e7a de Clara Marques Mendes, denunciando que tanto A Voz do Oper\u00e1rio como outras institui\u00e7\u00f5es passam por um \u201csufoco financeiro\u201d devido \u00e0 falta de ajustamento nas verbas protocoladas nos acordos com a Seguran\u00e7a Social. \u201cEsperemos que isto venha ainda at\u00e9 final do ano a ser retificado\u201d, afirmou, destacando o caso do ensino pr\u00e9-escolar cujas verbas n\u00e3o s\u00e3o revistas \u201ch\u00e1 cerca de 15 anos\u201d. O que est\u00e1 em causa, considerou, \u00e9 a viabilidade financeira destas institui\u00e7\u00f5es, com os pais a terem de suportar boa parte do aumento de custos.<\/p>\n\n\n\n<h2 class=\"wp-block-heading\">\u201cN\u00e3o s\u00e3o as paredes que falam, s\u00e3o as comunidades\u201d<\/h2>\n\n\n\n<p>A iniciativa contou ainda com uma breve visita pelas instala\u00e7\u00f5es que contou, para al\u00e9m de Manuel Figueiredo e Nuno Abreu, de B\u00e1rbara Ramires, diretora pedag\u00f3gica do espa\u00e7o, e de Sofia Gon\u00e7alves, coordenadora t\u00e9cnica-pedag\u00f3gica do espa\u00e7o. A creche Ilha dos Amores conta com 84 crian\u00e7as dos cinco meses aos tr\u00eas anos, com um ber\u00e7\u00e1rio e quatro salas heterog\u00e9neas, desde o primeiro ao terceiro ano de idade. Sofia Gon\u00e7alves foi uma das trabalhadoras que transitou do extinto espa\u00e7o educativo do Restelo. Trabalhadora d\u2019A Voz h\u00e1 mais de d\u00e9cada e meia, considerou que \u00e9 \u201cenriquecedor\u201d construir do zero. \u201cPorque isto s\u00f3 tinha paredes. Foi bom virem pessoas de v\u00e1rias escolas d\u2019A Voz do Oper\u00e1rio, temos todos o mesmo esp\u00edrito de servi\u00e7o e a mesma lealdade ao projeto educativo, mas cada uma com a sua experi\u00eancia de uma comunidade diferente, e isso tem sido a coisa mais enriquecedora\u201d, sublinhou.<\/p>\n\n\n\n<p>B\u00e1rbara Ramires garantiu que \u00e9 um grande desafio trabalhar com fam\u00edlias \u201cmuito diferentes de outras zonas\u201d onde h\u00e1 escolas d\u2019A Voz do Oper\u00e1rio. \u201cEu acho que houve duas coisas importantes: uma \u00e9 o modo como n\u00f3s vivemos o nosso dia-a-dia, o modo como n\u00f3s vivemos o anivers\u00e1rio da nossa escola \u2013 de repente temos uma escola que tem meses e estamos a comemorar 141 anos. Isto para os pais foi uma coisa assim um bocado \u2018wow, mas onde \u00e9 que eles estiveram nos outros 140 anos\u2019? Foi-lhes estranho. E depois aquele trabalho que houve das escolas todas fazerem a exposi\u00e7\u00e3o itinerante, em que mostravam um bocadinho o que era cada uma das escolas, e essa exposi\u00e7\u00e3o passou tamb\u00e9m por aqui. Enquanto que noutros s\u00edtios era mais \u2018ah, que giro\u2019 ao reverem as outras escolas, aqui foi \u201cmas isto \u00e9 onde? Quanto mi\u00fados \u00e9 que tem essa escola?\u2019\u201d.<\/p>\n\n\n\n<p>Sofia Gon\u00e7alves explicou que muitos pais n\u00e3o sabiam ao que vinham. Ao contr\u00e1rio de outros espa\u00e7os educativos, estas crian\u00e7as chegavam porque era a vaga que havia no \u00e2mbito do acordo Creche Feliz. \u201cNoutros espa\u00e7os educativos, as pessoas v\u00e3o pelo modelo, v\u00e3o pel\u2019A Voz do Oper\u00e1rio, isso aqui n\u00e3o acontecia. Isto depois foi muito a luta do dia-a-dia: irmos mostrando como \u00e9 que quer\u00edamos trabalhar, como \u00e9 que d\u00e1vamos voz \u00e0s crian\u00e7as, como \u00e9 que \u00e9 isto de dar voz, como observamos as necessidades dos grupos e lhes damos espa\u00e7o para depois espelhar no nosso trabalho pedag\u00f3gico do dia-a-dia\u201d. Nesse sentido, considerou que \u201cas paredes n\u00e3o precisam de ter muita coisa porque n\u00e3o s\u00e3o as paredes que falam, s\u00e3o as comunidades, s\u00e3o as crian\u00e7as\u201d.<\/p>\n\n\n\n<p>O compromisso de Sofia Gon\u00e7alves com o modelo d\u2019A Voz do Oper\u00e1rio \u00e9 fundamental e diz que n\u00e3o se via a trabalhar noutra institui\u00e7\u00e3o. Esta Ilha dos Amores abre um novo cap\u00edtulo na hist\u00f3ria d\u2019A Voz do Oper\u00e1rio com quase uma centena de crian\u00e7as a brincar, a aprender e a ensinar numa das partes mais orientais da cidade de Lisboa.<\/p>\n","protected":false},"excerpt":{"rendered":"<p>Nova creche, em funcionamento j\u00e1 h\u00e1 quase um ano, foi inaugurada no dia 22 de novembro e traz o modelo pedag\u00f3gico da institui\u00e7\u00e3o a esta zona da cidade.<\/p>\n","protected":false},"author":153,"featured_media":8614,"comment_status":"closed","ping_status":"closed","sticky":false,"template":"","format":"standard","meta":[],"categories":[43],"tags":[],"coauthors":[89],"acf":[],"_links":{"self":[{"href":"https:\/\/vozoperario.pt\/jornal\/wp-json\/wp\/v2\/posts\/8613"}],"collection":[{"href":"https:\/\/vozoperario.pt\/jornal\/wp-json\/wp\/v2\/posts"}],"about":[{"href":"https:\/\/vozoperario.pt\/jornal\/wp-json\/wp\/v2\/types\/post"}],"author":[{"embeddable":true,"href":"https:\/\/vozoperario.pt\/jornal\/wp-json\/wp\/v2\/users\/153"}],"replies":[{"embeddable":true,"href":"https:\/\/vozoperario.pt\/jornal\/wp-json\/wp\/v2\/comments?post=8613"}],"version-history":[{"count":6,"href":"https:\/\/vozoperario.pt\/jornal\/wp-json\/wp\/v2\/posts\/8613\/revisions"}],"predecessor-version":[{"id":8757,"href":"https:\/\/vozoperario.pt\/jornal\/wp-json\/wp\/v2\/posts\/8613\/revisions\/8757"}],"wp:featuredmedia":[{"embeddable":true,"href":"https:\/\/vozoperario.pt\/jornal\/wp-json\/wp\/v2\/media\/8614"}],"wp:attachment":[{"href":"https:\/\/vozoperario.pt\/jornal\/wp-json\/wp\/v2\/media?parent=8613"}],"wp:term":[{"taxonomy":"category","embeddable":true,"href":"https:\/\/vozoperario.pt\/jornal\/wp-json\/wp\/v2\/categories?post=8613"},{"taxonomy":"post_tag","embeddable":true,"href":"https:\/\/vozoperario.pt\/jornal\/wp-json\/wp\/v2\/tags?post=8613"},{"taxonomy":"author","embeddable":true,"href":"https:\/\/vozoperario.pt\/jornal\/wp-json\/wp\/v2\/coauthors?post=8613"}],"curies":[{"name":"wp","href":"https:\/\/api.w.org\/{rel}","templated":true}]}}