{"id":8485,"date":"2024-10-16T11:15:21","date_gmt":"2024-10-16T11:15:21","guid":{"rendered":"https:\/\/vozoperario.pt\/jornal\/?p=8485"},"modified":"2024-10-16T11:15:22","modified_gmt":"2024-10-16T11:15:22","slug":"casa-para-viver-o-grito-do-povo-volta-a-ocupar-as-ruas-do-pais","status":"publish","type":"post","link":"https:\/\/vozoperario.pt\/jornal\/2024\/10\/16\/casa-para-viver-o-grito-do-povo-volta-a-ocupar-as-ruas-do-pais\/","title":{"rendered":"Casa para Viver: o grito do povo volta a ocupar as ruas do pa\u00eds"},"content":{"rendered":"\n<p>Em Almada e em Lisboa, foram v\u00e1rios os coletivos que ocuparam as ruas do centro em sinal de protesto contra o problema que se faz sentir da falta de habita\u00e7\u00e3o digna e a um pre\u00e7o acess\u00edvel. Distritos como Set\u00fabal viram o metro quadrado duplicar desde 2015, com rendas que j\u00e1 se encontram bem acima dos 600 euros para um mero T1 de 40 metros (de acordo com o site imobili\u00e1rio Idealista.pt). J\u00e1 em Lisboa, este valor mais que duplicou.<\/p>\n\n\n\n<p>Milhares de pessoas t\u00eam sido expulsas dos centros urbanos da \u00c1rea Metropolitana de Lisboa para dar lugar aos chamados n\u00f3madas digitais, aos Vistos&nbsp;<em>Gold<\/em>&nbsp;ou aos alojamentos locais, a que se junta a constru\u00e7\u00e3o desenfreada de hot\u00e9is para dar resposta a um turismo desmedido que em pouco ou nada beneficia o desenvolvimento e fortalecimento da economia local \u2013 como, ali\u00e1s, a pandemia Covid-19 bem evidenciou. Distritos como os de Set\u00fabal e Lisboa continuam a ser os mais afetados pela especula\u00e7\u00e3o imobili\u00e1ria, onde os propriet\u00e1rios n\u00e3o olham a meios para aumentar a margem de rendimento, seja no arrendamento ou na venda de im\u00f3veis.<\/p>\n\n\n\n<p>Faltam respostas para o problema da habita\u00e7\u00e3o. Escasseiam pol\u00edticas p\u00fablicas capazes de responder \u00e0s necessidades da popula\u00e7\u00e3o em situa\u00e7\u00e3o mais vulner\u00e1vel, aquela que n\u00e3o consegue \u201ccompetir\u201d no mercado desregulado em que o acesso \u00e0 habita\u00e7\u00e3o se transformou e que \u00e9 expulsa dos seus bairros e das suas comunidades, dia ap\u00f3s dia.<\/p>\n\n\n\n<p>Para quem j\u00e1 h\u00e1 muito que se encontra segregado nas periferias, a vida fica cada vez mais dif\u00edcil, cada vez mais cara e com os acessos ao centro cada vez mais demorados. Os sucessivos programas de habita\u00e7\u00e3o, como o programa&nbsp;<em>+ Habita\u00e7\u00e3o<\/em>&nbsp;do anterior do Governo, servem apenas de pensos r\u00e1pidos para problemas estruturais que se arrastam h\u00e1 anos e que colocam o Estado no papel de eterno bombeiro para apagar os fogos provocados pelo mercado livre, que nada sabe resolver sozinho.<\/p>\n\n\n\n<p>Por tudo isto, o movimento&nbsp;<em>Casa Para Viver<\/em>&nbsp;saiu \u00e0 rua para exigir: a regula\u00e7\u00e3o dos pre\u00e7os das rendas, por via do aumento do parque de habita\u00e7\u00e3o p\u00fablica, mas n\u00e3o s\u00f3; a redu\u00e7\u00e3o da taxa de juro dos cr\u00e9ditos; o fim dos despejos; a revis\u00e3o do enquadramento da atribui\u00e7\u00e3o de licen\u00e7as de alojamento tur\u00edstico; o fim do estatuto dos residentes n\u00e3o habituais; a recupera\u00e7\u00e3o dos im\u00f3veis devolutos, colocando-os no mercado a pre\u00e7os acess\u00edveis, e a promo\u00e7\u00e3o de habita\u00e7\u00e3o por via de cooperativas ou associa\u00e7\u00f5es.<\/p>\n\n\n\n<p>No ano dos 50 anos do 25 de Abril, fica o registo de uma luta que urge continuar e que exige ao Governo que cumpra com as suas obriga\u00e7\u00f5es no que toca \u00e0 responsabilidade do Estado de adotar pol\u00edticas \u201cque estabele\u00e7am um sistema de renda compat\u00edvel com o rendimento familiar e de acesso \u00e0 habita\u00e7\u00e3o pr\u00f3pria\u201d, tal como previsto no j\u00e1 t\u00e3o conhecido artigo 65.\u00ba da Constitui\u00e7\u00e3o da Rep\u00fablica Portuguesa. No ano dos 50 anos do 25 de Abril, as mem\u00f3rias do processo SAAL \u2013 Servi\u00e7o de Apoio Ambulat\u00f3rio Local &#8211; provam-nos que \u00e9 poss\u00edvel construir uma alternativa que promova a habita\u00e7\u00e3o acess\u00edvel e digna para todos e todas. Haja vontade pol\u00edtica para isso.<\/p>\n","protected":false},"excerpt":{"rendered":"<p>A luta pela habita\u00e7\u00e3o voltou a sair \u00e0 rua em 22 cidades do pa\u00eds, no passado dia 28 de setembro, unindo milhares de pessoas pelo direito a uma casa para viver.<\/p>\n","protected":false},"author":114,"featured_media":8486,"comment_status":"closed","ping_status":"closed","sticky":false,"template":"","format":"standard","meta":[],"categories":[51],"tags":[],"coauthors":[211],"acf":[],"_links":{"self":[{"href":"https:\/\/vozoperario.pt\/jornal\/wp-json\/wp\/v2\/posts\/8485"}],"collection":[{"href":"https:\/\/vozoperario.pt\/jornal\/wp-json\/wp\/v2\/posts"}],"about":[{"href":"https:\/\/vozoperario.pt\/jornal\/wp-json\/wp\/v2\/types\/post"}],"author":[{"embeddable":true,"href":"https:\/\/vozoperario.pt\/jornal\/wp-json\/wp\/v2\/users\/114"}],"replies":[{"embeddable":true,"href":"https:\/\/vozoperario.pt\/jornal\/wp-json\/wp\/v2\/comments?post=8485"}],"version-history":[{"count":2,"href":"https:\/\/vozoperario.pt\/jornal\/wp-json\/wp\/v2\/posts\/8485\/revisions"}],"predecessor-version":[{"id":8488,"href":"https:\/\/vozoperario.pt\/jornal\/wp-json\/wp\/v2\/posts\/8485\/revisions\/8488"}],"wp:featuredmedia":[{"embeddable":true,"href":"https:\/\/vozoperario.pt\/jornal\/wp-json\/wp\/v2\/media\/8486"}],"wp:attachment":[{"href":"https:\/\/vozoperario.pt\/jornal\/wp-json\/wp\/v2\/media?parent=8485"}],"wp:term":[{"taxonomy":"category","embeddable":true,"href":"https:\/\/vozoperario.pt\/jornal\/wp-json\/wp\/v2\/categories?post=8485"},{"taxonomy":"post_tag","embeddable":true,"href":"https:\/\/vozoperario.pt\/jornal\/wp-json\/wp\/v2\/tags?post=8485"},{"taxonomy":"author","embeddable":true,"href":"https:\/\/vozoperario.pt\/jornal\/wp-json\/wp\/v2\/coauthors?post=8485"}],"curies":[{"name":"wp","href":"https:\/\/api.w.org\/{rel}","templated":true}]}}