{"id":8465,"date":"2024-10-16T10:54:45","date_gmt":"2024-10-16T10:54:45","guid":{"rendered":"https:\/\/vozoperario.pt\/jornal\/?p=8465"},"modified":"2024-10-16T10:54:46","modified_gmt":"2024-10-16T10:54:46","slug":"israel-empurra-medio-oriente-para-o-abismo","status":"publish","type":"post","link":"https:\/\/vozoperario.pt\/jornal\/2024\/10\/16\/israel-empurra-medio-oriente-para-o-abismo\/","title":{"rendered":"Israel empurra M\u00e9dio Oriente para o abismo"},"content":{"rendered":"\n<p>No m\u00eas em que este jornal celebra 145 anos, o mundo aproxima-se ainda mais do abismo. O mais antigo jornal oper\u00e1rio do pa\u00eds atravessou a monarquia, a primeira rep\u00fablica, a ditadura fascista, a revolu\u00e7\u00e3o e a contra-revolu\u00e7\u00e3o. \u00c9, de facto, impressionante que tantas gera\u00e7\u00f5es de mulheres e homens tenham sido determinantes para carregar em ombros uma publica\u00e7\u00e3o ao longo de quase s\u00e9culo e meio sem o apoio dos grandes grupos econ\u00f3micos e financeiros. Neste n\u00famero, repetimos aquilo que sempre fizemos. Dar destaque a temas que incomodam os mais poderosos e p\u00f4r-nos do lado de quem trabalha, dos explorados.<\/p>\n\n\n\n<p>Simultaneamente, dada a gravidade da situa\u00e7\u00e3o internacional, com Israel a ultrapassar todas as linhas vermelhas, o nosso jornal decide dar destaque n\u00e3o s\u00f3 ao que se passa na Palestina mas tamb\u00e9m \u00e0 invas\u00e3o do L\u00edbano pelas for\u00e7as israelitas, depois do assassinato das principais figuras do Hezbollah e da agress\u00e3o \u00e0 S\u00edria, ao Ir\u00e3o e ao I\u00e9men. Nesse sentido, com o direito internacional moribundo e o papel das Na\u00e7\u00f5es Unidas cada vez mais diminu\u00eddo, os Estados Unidos e Israel empurram o mundo para o precip\u00edcio da guerra, enquanto bombardeiam popula\u00e7\u00f5es. A urg\u00eancia da luta pela paz e por um mundo sem inger\u00eancias externas \u00e9 uma evid\u00eancia e deve ser abra\u00e7ada tamb\u00e9m como uma luta pela sobreviv\u00eancia da humanidade.<\/p>\n","protected":false},"excerpt":{"rendered":"<p>No m\u00eas em que este jornal celebra 145 anos, o mundo aproxima-se ainda mais do abismo. O mais antigo jornal oper\u00e1rio do pa\u00eds atravessou a monarquia, a primeira rep\u00fablica, a ditadura fascista, a revolu\u00e7\u00e3o e a contra-revolu\u00e7\u00e3o. \u00c9, de facto, impressionante que tantas gera\u00e7\u00f5es de mulheres e homens tenham sido determinantes para carregar em ombros &hellip; <a href=\"https:\/\/vozoperario.pt\/jornal\/2024\/10\/16\/israel-empurra-medio-oriente-para-o-abismo\/\" class=\"more-link\">Continue reading <span class=\"screen-reader-text\">Israel empurra M\u00e9dio Oriente para o abismo<\/span><\/a><\/p>\n","protected":false},"author":5,"featured_media":7470,"comment_status":"closed","ping_status":"closed","sticky":false,"template":"","format":"standard","meta":[],"categories":[37],"tags":[],"coauthors":[71],"acf":[],"_links":{"self":[{"href":"https:\/\/vozoperario.pt\/jornal\/wp-json\/wp\/v2\/posts\/8465"}],"collection":[{"href":"https:\/\/vozoperario.pt\/jornal\/wp-json\/wp\/v2\/posts"}],"about":[{"href":"https:\/\/vozoperario.pt\/jornal\/wp-json\/wp\/v2\/types\/post"}],"author":[{"embeddable":true,"href":"https:\/\/vozoperario.pt\/jornal\/wp-json\/wp\/v2\/users\/5"}],"replies":[{"embeddable":true,"href":"https:\/\/vozoperario.pt\/jornal\/wp-json\/wp\/v2\/comments?post=8465"}],"version-history":[{"count":2,"href":"https:\/\/vozoperario.pt\/jornal\/wp-json\/wp\/v2\/posts\/8465\/revisions"}],"predecessor-version":[{"id":8467,"href":"https:\/\/vozoperario.pt\/jornal\/wp-json\/wp\/v2\/posts\/8465\/revisions\/8467"}],"wp:featuredmedia":[{"embeddable":true,"href":"https:\/\/vozoperario.pt\/jornal\/wp-json\/wp\/v2\/media\/7470"}],"wp:attachment":[{"href":"https:\/\/vozoperario.pt\/jornal\/wp-json\/wp\/v2\/media?parent=8465"}],"wp:term":[{"taxonomy":"category","embeddable":true,"href":"https:\/\/vozoperario.pt\/jornal\/wp-json\/wp\/v2\/categories?post=8465"},{"taxonomy":"post_tag","embeddable":true,"href":"https:\/\/vozoperario.pt\/jornal\/wp-json\/wp\/v2\/tags?post=8465"},{"taxonomy":"author","embeddable":true,"href":"https:\/\/vozoperario.pt\/jornal\/wp-json\/wp\/v2\/coauthors?post=8465"}],"curies":[{"name":"wp","href":"https:\/\/api.w.org\/{rel}","templated":true}]}}