{"id":8304,"date":"2024-08-10T10:12:59","date_gmt":"2024-08-10T10:12:59","guid":{"rendered":"https:\/\/vozoperario.pt\/jornal\/?p=8304"},"modified":"2024-08-10T10:12:59","modified_gmt":"2024-08-10T10:12:59","slug":"israel-tortura-prisioneiros-palestinianos","status":"publish","type":"post","link":"https:\/\/vozoperario.pt\/jornal\/2024\/08\/10\/israel-tortura-prisioneiros-palestinianos\/","title":{"rendered":"Israel tortura\u00a0prisioneiros palestinianos"},"content":{"rendered":"\n<p>O Estado de Israel mant\u00e9m em cativeiro cerca de 9500 palestinianos, 3660 est\u00e3o em regime de deten\u00e7\u00e3o administrativa, uma medida que pode ser prorrogada indefinidamente sem que o detido conhe\u00e7a a acusa\u00e7\u00e3o ou tenha acesso a julgamento. O n\u00famero de detidos que cumprem penas de pris\u00e3o perp\u00e9tua \u00e9 de cerca de 600.&nbsp;<\/p>\n\n\n\n<p>Um relat\u00f3rio da norte-americana Human Rights Watch revela que Israel comete crimes de guerra contra os prisioneiros palestinianos, incluindo crian\u00e7as, refere a ag\u00eancia espanhola Efe, submetendo-os a viol\u00eancia sexual e a tratamentos desumanos.<\/p>\n\n\n\n<p>\u201cDurante meses, as autoridades israelitas fecharam os olhos quando membros do seu ex\u00e9rcito publicaram imagens e v\u00eddeos desumanos de palestinianos sob a sua cust\u00f3dia\u201d, declarou Balkees Jarrah, diretor interino da HRW para o M\u00e9dio Oriente, em comunicado.<\/p>\n\n\n\n<p>Muitos detidos algemados e vendados \u2014 e por vezes feridos \u2014 foram despidos, ou deixados completamente nus, e depois fotografados ou filmados. Estas imagens eram publicadas com legendas degradantes e humilhantes escritas por soldados, jornalistas ou ativistas israelitas, afirma a organiza\u00e7\u00e3o sediada em Nova Iorque, que analisou 37 das publica\u00e7\u00f5es.<\/p>\n\n\n\n<p>\u201cA nudez for\u00e7ada, seguida da captura e partilha de imagens sexualizadas nas redes sociais, \u00e9 uma forma de viol\u00eancia sexual e tamb\u00e9m um crime de guerra\u201d, afirma a organiza\u00e7\u00e3o, alertando para o facto de que \u201cos oficiais superiores e os comandantes militares podem ser responsabilizados criminalmente por ordenarem estes crimes, por n\u00e3o os prevenirem ou punirem, incluindo perante o Tribunal Penal Internacional\u201d.<\/p>\n\n\n\n<p>Entretanto, \u00e0 hora do fecho desta edi\u00e7\u00e3o, o n\u00famero de mortos em Gaza provocado pelas for\u00e7as israelitas ultrapassava os 39 mil, a acrescentar aos 90 mil feridos, a maioria crian\u00e7as e mulheres.<\/p>\n","protected":false},"excerpt":{"rendered":"<p>O Estado de Israel mant\u00e9m em cativeiro cerca de 9500 palestinianos, 3660 est\u00e3o em regime de deten\u00e7\u00e3o administrativa, uma medida que pode ser prorrogada indefinidamente sem que o detido conhe\u00e7a a acusa\u00e7\u00e3o ou tenha acesso a julgamento. O n\u00famero de detidos que cumprem penas de pris\u00e3o perp\u00e9tua \u00e9 de cerca de 600.&nbsp; Um relat\u00f3rio da &hellip; <a href=\"https:\/\/vozoperario.pt\/jornal\/2024\/08\/10\/israel-tortura-prisioneiros-palestinianos\/\" class=\"more-link\">Continue reading <span class=\"screen-reader-text\">Israel tortura\u00a0prisioneiros palestinianos<\/span><\/a><\/p>\n","protected":false},"author":153,"featured_media":8305,"comment_status":"closed","ping_status":"closed","sticky":false,"template":"","format":"standard","meta":[],"categories":[47],"tags":[],"coauthors":[89],"acf":[],"_links":{"self":[{"href":"https:\/\/vozoperario.pt\/jornal\/wp-json\/wp\/v2\/posts\/8304"}],"collection":[{"href":"https:\/\/vozoperario.pt\/jornal\/wp-json\/wp\/v2\/posts"}],"about":[{"href":"https:\/\/vozoperario.pt\/jornal\/wp-json\/wp\/v2\/types\/post"}],"author":[{"embeddable":true,"href":"https:\/\/vozoperario.pt\/jornal\/wp-json\/wp\/v2\/users\/153"}],"replies":[{"embeddable":true,"href":"https:\/\/vozoperario.pt\/jornal\/wp-json\/wp\/v2\/comments?post=8304"}],"version-history":[{"count":2,"href":"https:\/\/vozoperario.pt\/jornal\/wp-json\/wp\/v2\/posts\/8304\/revisions"}],"predecessor-version":[{"id":8307,"href":"https:\/\/vozoperario.pt\/jornal\/wp-json\/wp\/v2\/posts\/8304\/revisions\/8307"}],"wp:featuredmedia":[{"embeddable":true,"href":"https:\/\/vozoperario.pt\/jornal\/wp-json\/wp\/v2\/media\/8305"}],"wp:attachment":[{"href":"https:\/\/vozoperario.pt\/jornal\/wp-json\/wp\/v2\/media?parent=8304"}],"wp:term":[{"taxonomy":"category","embeddable":true,"href":"https:\/\/vozoperario.pt\/jornal\/wp-json\/wp\/v2\/categories?post=8304"},{"taxonomy":"post_tag","embeddable":true,"href":"https:\/\/vozoperario.pt\/jornal\/wp-json\/wp\/v2\/tags?post=8304"},{"taxonomy":"author","embeddable":true,"href":"https:\/\/vozoperario.pt\/jornal\/wp-json\/wp\/v2\/coauthors?post=8304"}],"curies":[{"name":"wp","href":"https:\/\/api.w.org\/{rel}","templated":true}]}}