{"id":8165,"date":"2024-07-10T14:54:17","date_gmt":"2024-07-10T14:54:17","guid":{"rendered":"https:\/\/vozoperario.pt\/jornal\/?p=8165"},"modified":"2024-08-10T10:24:24","modified_gmt":"2024-08-10T10:24:24","slug":"aprender-sempre-cantar-sempre-comunicar-sempre-e-em-comunidade-sempre-melhor","status":"publish","type":"post","link":"https:\/\/vozoperario.pt\/jornal\/2024\/07\/10\/aprender-sempre-cantar-sempre-comunicar-sempre-e-em-comunidade-sempre-melhor\/","title":{"rendered":"Aprender sempre,\u00a0cantar sempre, comunicar sempre e em comunidade sempre melhor!"},"content":{"rendered":"\n<p>O ano letivo, que agora termina, foi um per\u00edodo de grandes desafios e conquistas significativas para toda a nossa comunidade escolar. Professores, assistentes operacionais, crian\u00e7as e fam\u00edlias trabalharam, mais uma vez, em conjunto para superar adversidades e continuar a desenvolver os ideais e valores defendidos pela nossa escola. Com o final vem tamb\u00e9m um per\u00edodo de reflex\u00e3o e aprendizagem, em que fazemos um balan\u00e7o e valorizamos todo o percurso educativo e atividades realizadas ao longo do ano letivo, destacando como estas contribu\u00edram para o crescimento da nossa comunidade escolar.<\/p>\n\n\n\n<p>Relembramos, assim, o in\u00edcio do nosso ano, em que quando as primeiras folhas come\u00e7aram a cair das \u00e1rvores, cantamos e dan\u00e7amos o outono, acolhemos todas as fam\u00edlias num grande conv\u00edvio, onde partilhamos momentos de divers\u00e3o e intera\u00e7\u00e3o entre todos. Os v\u00e1rios alunos das diferentes turmas tornaram-se aut\u00eanticos chefes de cozinha e prepararam os menus para deleite das fam\u00edlias, com o objetivo de angariar fundos para o nosso grande acantonamento de final de ano.&nbsp;<\/p>\n\n\n\n<p>Esta festa \u00e9 tamb\u00e9m um momento privilegiado para que se crie uma rela\u00e7\u00e3o mais pr\u00f3xima entre a nossa comunidade e as novas fam\u00edlias, uma vez que a nossa escola procura ser um lugar de portas abertas. Acreditamos que esta rela\u00e7\u00e3o entre a comunidade escolar e as fam\u00edlias dos alunos \u00e9 inestim\u00e1vel, pois esta parceria fortalece o processo educativo e promove um ambiente de apoio m\u00fatuo e compreens\u00e3o. Al\u00e9m disso, a participa\u00e7\u00e3o ativa das fam\u00edlias nas atividades escolares aumenta o envolvimento dos alunos, refor\u00e7ando a import\u00e2ncia da educa\u00e7\u00e3o e criando um sentido de perten\u00e7a e responsabilidade compartilhada que \u00e9 fundamental para o sucesso e desenvolvimento individual e coletivo.<\/p>\n\n\n\n<p>Enquanto os alunos do 1\u00ba ciclo celebram a chegada do Outono, os meninos do pr\u00e9-escolar festejam o Magusto no jardim, que todos os dias \u00e9 usado pelas fam\u00edlias depois da escola, e que neste dia \u00e9 \u201cinvadido\u201d de crian\u00e7as com as suas educadoras e auxiliares, com um cheirinho de castanhas assadas no ar, para receber as suas fam\u00edlias e ali passar uma tarde de conv\u00edvio.<\/p>\n\n\n\n<p>Tendo em conta os tempos que vivemos, torna-se urgente que os nossos alunos cres\u00e7am como cidad\u00e3os ativos e mais conscientes do mundo que os rodeia, uma vez que, como partilh\u00e1mos, \u201c<em>A liberdade traz-nos responsabilidade.<\/em>\u201d&nbsp;<\/p>\n\n\n\n<p>Assim, em pleno inverno, de casaco na m\u00e3o, e amor no cora\u00e7\u00e3o, teve lugar a Festa de Natal, da Voz do Oper\u00e1rio da Gra\u00e7a. Com o pretexto de prepararmos a nossa festa para as fam\u00edlias, aproveit\u00e1mos para refletir em conjunto de que forma podemos colaborar para um mundo melhor e mais harmonioso. Numa reflex\u00e3o conjunta, todos os grupos deram, uma vez mais, o seu contributo, pensando em como \u201c<em>Cooperar \u00e9 dar as m\u00e3os e n\u00e3o deixar ningu\u00e9m cair<\/em>.\u201d, porque \u00e9 fundamental \u201c<em>Acreditarmos que s\u00f3 com a partilha e a coopera\u00e7\u00e3o conseguimos construir um mundo em paz<\/em>\u201d.<\/p>\n\n\n\n<p>Terminamos a nossa atividade letiva com os acantonamentos do pr\u00e9-escolar e 1\u00ba ciclo.&nbsp;<\/p>\n\n\n\n<p>No pr\u00e9-escolar os alunos vivem uns dias de acantonamento onde d\u00e3o passos importantes de autonomia e crescimento. Muitas atividades radicais e cooperativas fazem o tempo passar a correr. A Natureza est\u00e1 sempre no cerne das atividades.&nbsp;<\/p>\n\n\n\n<p>No 1\u00ba ciclo e 2\u00ba ciclo, mais de 200 alunos juntos em comunh\u00e3o com a natureza. Um trabalho de equipa incr\u00edvel de professores, monitores, auxiliares e alunos, na constru\u00e7\u00e3o de momentos que nunca mais ser\u00e3o esquecidos por todos. Canoagem, rappel, escalada, jogos no rio, explora\u00e7\u00e3o da floresta, jogos cooperativos com \u00e1gua, atividades de artes pl\u00e1sticas e muitos momentos coletivos de intera\u00e7\u00e3o social.<\/p>\n\n\n\n<p>S\u00e3o momentos como estes, em que trazemos a escola para fora das 4 paredes, em que a aprendizagem formal d\u00e1 um lugar de destaque \u00e0 aprendizagem informal. Em que todo o trabalho cooperativo tem a oportunidade de ser vivenciado na pr\u00e1tica. Fortalecem-se la\u00e7os de amizade e cumplicidade de uma forma que s\u00f3 quem vive estes momentos conseguir\u00e1 perceber.&nbsp;<\/p>\n\n\n\n<p>Mais um ano letivo n\u2019A Voz do Oper\u00e1rio, que \u00e9 sempre \u00fanico e intenso, planeado e vivido como se fosse sempre um ano especial.<\/p>\n\n\n\n<p>Consideramos que todo este percurso continua a ser fundamental para enfrentar desafios e fortalecer os la\u00e7os entre professores, assistentes operacionais, crian\u00e7as, fam\u00edlias e a comunidade envolvente, sendo isto o que diferencia a nossa escola de todas as outras. Juntos, demonstramos que, mesmo quando achamos dif\u00edcil ou nos sentimos cansados, \u00e9 poss\u00edvel construir uma educa\u00e7\u00e3o de qualidade, baseada na inova\u00e7\u00e3o, na coopera\u00e7\u00e3o e no cuidado m\u00fatuo. As conquistas alcan\u00e7adas s\u00e3o um testemunho do compromisso coletivo, em que todos nos unimos, para contribuir para um futuro em que a educa\u00e7\u00e3o ganha um novo sentido, preparando as nossas crian\u00e7as para a vida em sociedade.<\/p>\n","protected":false},"excerpt":{"rendered":"<p>O ano letivo, que agora termina, foi um per\u00edodo de grandes desafios e conquistas significativas para toda a nossa comunidade escolar. Professores, assistentes operacionais, crian\u00e7as e fam\u00edlias trabalharam, mais uma vez, em conjunto para superar adversidades e continuar a desenvolver os ideais e valores defendidos pela nossa escola. Com o final vem tamb\u00e9m um per\u00edodo &hellip; <a href=\"https:\/\/vozoperario.pt\/jornal\/2024\/07\/10\/aprender-sempre-cantar-sempre-comunicar-sempre-e-em-comunidade-sempre-melhor\/\" class=\"more-link\">Continue reading <span class=\"screen-reader-text\">Aprender sempre,\u00a0cantar sempre, comunicar sempre e em comunidade sempre melhor!<\/span><\/a><\/p>\n","protected":false},"author":153,"featured_media":8166,"comment_status":"closed","ping_status":"closed","sticky":false,"template":"","format":"standard","meta":[],"categories":[43],"tags":[],"coauthors":[89],"acf":[],"_links":{"self":[{"href":"https:\/\/vozoperario.pt\/jornal\/wp-json\/wp\/v2\/posts\/8165"}],"collection":[{"href":"https:\/\/vozoperario.pt\/jornal\/wp-json\/wp\/v2\/posts"}],"about":[{"href":"https:\/\/vozoperario.pt\/jornal\/wp-json\/wp\/v2\/types\/post"}],"author":[{"embeddable":true,"href":"https:\/\/vozoperario.pt\/jornal\/wp-json\/wp\/v2\/users\/153"}],"replies":[{"embeddable":true,"href":"https:\/\/vozoperario.pt\/jornal\/wp-json\/wp\/v2\/comments?post=8165"}],"version-history":[{"count":4,"href":"https:\/\/vozoperario.pt\/jornal\/wp-json\/wp\/v2\/posts\/8165\/revisions"}],"predecessor-version":[{"id":8325,"href":"https:\/\/vozoperario.pt\/jornal\/wp-json\/wp\/v2\/posts\/8165\/revisions\/8325"}],"wp:featuredmedia":[{"embeddable":true,"href":"https:\/\/vozoperario.pt\/jornal\/wp-json\/wp\/v2\/media\/8166"}],"wp:attachment":[{"href":"https:\/\/vozoperario.pt\/jornal\/wp-json\/wp\/v2\/media?parent=8165"}],"wp:term":[{"taxonomy":"category","embeddable":true,"href":"https:\/\/vozoperario.pt\/jornal\/wp-json\/wp\/v2\/categories?post=8165"},{"taxonomy":"post_tag","embeddable":true,"href":"https:\/\/vozoperario.pt\/jornal\/wp-json\/wp\/v2\/tags?post=8165"},{"taxonomy":"author","embeddable":true,"href":"https:\/\/vozoperario.pt\/jornal\/wp-json\/wp\/v2\/coauthors?post=8165"}],"curies":[{"name":"wp","href":"https:\/\/api.w.org\/{rel}","templated":true}]}}