{"id":8002,"date":"2024-05-03T10:14:12","date_gmt":"2024-05-03T10:14:12","guid":{"rendered":"https:\/\/vozoperario.pt\/jornal\/?p=8002"},"modified":"2024-05-03T10:14:13","modified_gmt":"2024-05-03T10:14:13","slug":"sindicato-impede-despejo","status":"publish","type":"post","link":"https:\/\/vozoperario.pt\/jornal\/2024\/05\/03\/sindicato-impede-despejo\/","title":{"rendered":"Sindicato impede despejo"},"content":{"rendered":"\n<p>Segundo a nota do sindicato, a empresa Webhelp contrata trabalhadores estrangeiros e subcontrata a gest\u00e3o do servi\u00e7o de aluguer de quarto para estes funcion\u00e1rios.<\/p>\n\n\n\n<p>A renda, de cerca de 300\u20ac mensais, \u00e9 retirada directamente do seu sal\u00e1rio, sem recibo de arrendamento e sujeita a regras restritas (como por exemplo, vedar o acesso a acompanhantes ou a possibilidade de ingest\u00e3o de \u00e1lcool).<\/p>\n\n\n\n<p>A empresa pretende tamb\u00e9m que as faltas injustificadas ao trabalho tenham consequ\u00eancias no contrato de arrendamento estabelecido, impondo o despejo com aviso de 72 horas de anteced\u00eancia.<\/p>\n\n\n\n<p>Em 2021, Portugal contava com mais de 13% dos trabalhadores empregados imigrantes.<\/p>\n\n\n\n<p>O desconhecimento da lei portuguesa e a situa\u00e7\u00e3o de fragilidade social destes trabalhadores levam a que esta seja j\u00e1 a segunda tentativa que o sindicato dos trabalhadores do com\u00e9rcio e servi\u00e7os impede.<\/p>\n\n\n\n<p>Segundo o AbrilAbril, a a\u00e7\u00e3o de trabalhadores com o seu sindicato impediu o despejo. Em entrevista, um dos trabalhadores refere, inclusivamente, que as faltas s\u00e3o injustificadas por dificuldade no acesso a cuidados de sa\u00fade.<\/p>\n\n\n\n<p>O CESP salienta a aus\u00eancia de ordem judicial que consubstancie o despejo. Considera tamb\u00e9m um desrespeito particularmente grave, considerando que se tratam de trabalhadores recrutados pela empresa, deslocados, particularmente vulner\u00e1veis, j\u00e1 que a empresa quer ignorar que est\u00e3o num pa\u00eds onde n\u00e3o t\u00eam estabelecidas redes sociais de apoio, a que possam recorrer. Sem alternativas, resta-lhes ficar sem alojamento. Esta situa\u00e7\u00e3o em muito est\u00e1 relacionada com os sal\u00e1rios baixos dos trabalhadores da Webhelp, afirma um dos trabalhadores e pretende for\u00e7ar o despedimento.<\/p>\n","protected":false},"excerpt":{"rendered":"<p>Segundo a nota do sindicato, a empresa Webhelp contrata trabalhadores estrangeiros e subcontrata a gest\u00e3o do servi\u00e7o de aluguer de quarto para estes funcion\u00e1rios. A renda, de cerca de 300\u20ac mensais, \u00e9 retirada directamente do seu sal\u00e1rio, sem recibo de arrendamento e sujeita a regras restritas (como por exemplo, vedar o acesso a acompanhantes ou &hellip; <a href=\"https:\/\/vozoperario.pt\/jornal\/2024\/05\/03\/sindicato-impede-despejo\/\" class=\"more-link\">Continue reading <span class=\"screen-reader-text\">Sindicato impede despejo<\/span><\/a><\/p>\n","protected":false},"author":153,"featured_media":8003,"comment_status":"closed","ping_status":"closed","sticky":false,"template":"","format":"standard","meta":[],"categories":[45],"tags":[],"coauthors":[89],"acf":[],"_links":{"self":[{"href":"https:\/\/vozoperario.pt\/jornal\/wp-json\/wp\/v2\/posts\/8002"}],"collection":[{"href":"https:\/\/vozoperario.pt\/jornal\/wp-json\/wp\/v2\/posts"}],"about":[{"href":"https:\/\/vozoperario.pt\/jornal\/wp-json\/wp\/v2\/types\/post"}],"author":[{"embeddable":true,"href":"https:\/\/vozoperario.pt\/jornal\/wp-json\/wp\/v2\/users\/153"}],"replies":[{"embeddable":true,"href":"https:\/\/vozoperario.pt\/jornal\/wp-json\/wp\/v2\/comments?post=8002"}],"version-history":[{"count":2,"href":"https:\/\/vozoperario.pt\/jornal\/wp-json\/wp\/v2\/posts\/8002\/revisions"}],"predecessor-version":[{"id":8005,"href":"https:\/\/vozoperario.pt\/jornal\/wp-json\/wp\/v2\/posts\/8002\/revisions\/8005"}],"wp:featuredmedia":[{"embeddable":true,"href":"https:\/\/vozoperario.pt\/jornal\/wp-json\/wp\/v2\/media\/8003"}],"wp:attachment":[{"href":"https:\/\/vozoperario.pt\/jornal\/wp-json\/wp\/v2\/media?parent=8002"}],"wp:term":[{"taxonomy":"category","embeddable":true,"href":"https:\/\/vozoperario.pt\/jornal\/wp-json\/wp\/v2\/categories?post=8002"},{"taxonomy":"post_tag","embeddable":true,"href":"https:\/\/vozoperario.pt\/jornal\/wp-json\/wp\/v2\/tags?post=8002"},{"taxonomy":"author","embeddable":true,"href":"https:\/\/vozoperario.pt\/jornal\/wp-json\/wp\/v2\/coauthors?post=8002"}],"curies":[{"name":"wp","href":"https:\/\/api.w.org\/{rel}","templated":true}]}}