{"id":7768,"date":"2024-03-05T15:27:29","date_gmt":"2024-03-05T15:27:29","guid":{"rendered":"https:\/\/vozoperario.pt\/jornal\/?p=7768"},"modified":"2024-03-05T15:27:30","modified_gmt":"2024-03-05T15:27:30","slug":"militares-falham-golpe-marco-de-1974","status":"publish","type":"post","link":"https:\/\/vozoperario.pt\/jornal\/2024\/03\/05\/militares-falham-golpe-marco-de-1974\/","title":{"rendered":"Militares falham golpe\u00a0\u2014 mar\u00e7o de 1974"},"content":{"rendered":"\n<p>O texto foi elaborado por Ernesto Melo Antunes, Vasco Gon\u00e7alves e Victor Alves. No mesmo dia, um grupo de oficiais, com liga\u00e7\u00f5es ao General Ant\u00f3nio de Sp\u00ednola, p\u00f5e a circular, para recolha de assinaturas, uma declara\u00e7\u00e3o de apoio ao pr\u00f3prio, ent\u00e3o Vice-Chefe do Estado Maior General das For\u00e7as Armadas.<\/p>\n\n\n\n<p>No dia 11 do mesmo m\u00eas, realiza-se uma reuni\u00e3o do movimento de oficiais onde se atribui a responsabilidade operacional a Otelo Saraiva de Carvalho e a responsabilidade pol\u00edtica a Victor Alves. Dois dias depois, Marcelo Caetano recebe os generais Costa Gomes e Ant\u00f3nio de Sp\u00ednola, que o informam das raz\u00f5es da decis\u00e3o de n\u00e3o comparecerem no dia seguinte \u00e0 cerim\u00f3nia de apoio ao chefe do governo. Marcelo Caetano diz-lhes que, nesse caso, ser\u00e3o destitu\u00eddos. A cerim\u00f3nia de solidariedade com o regime, levada a cabo por oficiais-generais dos tr\u00eas ramos das For\u00e7as Armadas, acabou conhecida como \u201cBrigada do Reum\u00e1tico\u201d. A demiss\u00e3o confirmada dos dois generais aprofunda as contradi\u00e7\u00f5es internas no regime fascista.<\/p>\n\n\n\n<p>Perante a not\u00edcia, o capit\u00e3o Virg\u00edlio Varela, do Regimento de Infantaria 5, das Caldas da Rainha, informa a Comiss\u00e3o Coordenadora do MFA que se n\u00e3o houver uma rea\u00e7\u00e3o \u00e0 demiss\u00e3o dos dois generais, sair\u00e1 sozinho com a sua unidade rumo a Lisboa. O levantamento militar d\u00e1-se a 16. Os capit\u00e3es do Regimento de Infantaria 5, das Caldas da Rainha, tomam o comando do quartel e, de madrugada avan\u00e7am, sobre a capital, sob o comando do capit\u00e3o Armando Ramos. \u00c9 a \u00fanica unidade a sair, numa a\u00e7\u00e3o descoordenada e sem \u00eaxito. S\u00e3o presos cerca de duzentos militares, entre os quais Almeida Bruno, Manuel Monge, Casanova Ferreira, Armando Ramos e Virg\u00edlio Varela.<\/p>\n\n\n\n<p>Mais tarde, o capit\u00e3o Salgueiro Maia afirmaria que naquele momento, com camaradas na pris\u00e3o, com quem haviam partilhado a Academia Militar e combates nas col\u00f3nias, os militares estavam mais decididos do que nunca a avan\u00e7ar para um levantamento. O golpe das Caldas, como ficou conhecido, seria a antec\u00e2mara do 25 de Abril.<\/p>\n","protected":false},"excerpt":{"rendered":"<p> 5 de mar\u00e7o de 1974, a Comiss\u00e3o Coordenadora do Movimento das For\u00e7as Armadas (MFA) p\u00f5e a circular um documento contra o regime e a guerra colonial com o t\u00edtulo \u201cOs Militares, as For\u00e7as Armadas e a Na\u00e7\u00e3o\u201d.<\/p>\n","protected":false},"author":153,"featured_media":7769,"comment_status":"closed","ping_status":"closed","sticky":false,"template":"","format":"standard","meta":[],"categories":[51],"tags":[],"coauthors":[89],"acf":[],"_links":{"self":[{"href":"https:\/\/vozoperario.pt\/jornal\/wp-json\/wp\/v2\/posts\/7768"}],"collection":[{"href":"https:\/\/vozoperario.pt\/jornal\/wp-json\/wp\/v2\/posts"}],"about":[{"href":"https:\/\/vozoperario.pt\/jornal\/wp-json\/wp\/v2\/types\/post"}],"author":[{"embeddable":true,"href":"https:\/\/vozoperario.pt\/jornal\/wp-json\/wp\/v2\/users\/153"}],"replies":[{"embeddable":true,"href":"https:\/\/vozoperario.pt\/jornal\/wp-json\/wp\/v2\/comments?post=7768"}],"version-history":[{"count":2,"href":"https:\/\/vozoperario.pt\/jornal\/wp-json\/wp\/v2\/posts\/7768\/revisions"}],"predecessor-version":[{"id":7771,"href":"https:\/\/vozoperario.pt\/jornal\/wp-json\/wp\/v2\/posts\/7768\/revisions\/7771"}],"wp:featuredmedia":[{"embeddable":true,"href":"https:\/\/vozoperario.pt\/jornal\/wp-json\/wp\/v2\/media\/7769"}],"wp:attachment":[{"href":"https:\/\/vozoperario.pt\/jornal\/wp-json\/wp\/v2\/media?parent=7768"}],"wp:term":[{"taxonomy":"category","embeddable":true,"href":"https:\/\/vozoperario.pt\/jornal\/wp-json\/wp\/v2\/categories?post=7768"},{"taxonomy":"post_tag","embeddable":true,"href":"https:\/\/vozoperario.pt\/jornal\/wp-json\/wp\/v2\/tags?post=7768"},{"taxonomy":"author","embeddable":true,"href":"https:\/\/vozoperario.pt\/jornal\/wp-json\/wp\/v2\/coauthors?post=7768"}],"curies":[{"name":"wp","href":"https:\/\/api.w.org\/{rel}","templated":true}]}}