{"id":7746,"date":"2024-03-05T15:00:44","date_gmt":"2024-03-05T15:00:44","guid":{"rendered":"https:\/\/vozoperario.pt\/jornal\/?p=7746"},"modified":"2024-03-05T15:01:19","modified_gmt":"2024-03-05T15:01:19","slug":"na-rua-contra-o-racismo","status":"publish","type":"post","link":"https:\/\/vozoperario.pt\/jornal\/2024\/03\/05\/na-rua-contra-o-racismo\/","title":{"rendered":"Na rua contra o racismo"},"content":{"rendered":"\n<p>O objetivo da a\u00e7\u00e3o \u00e9 reunir todos aqueles que acham urgente marcar uma posi\u00e7\u00e3o contra os discursos de \u00f3dio que come\u00e7am a ecoar em alguns partidos do espectro pol\u00edtico nacional e internacional e, desta forma, afirmar os valores democr\u00e1ticos sempre presentes nas lutas contra todas as formas de discrimina\u00e7\u00e3o.<\/p>\n\n\n\n<p>\u201cNuma altura em que o racismo, a xenofobia e a extrema-direita ganham terreno, n\u00e3o s\u00f3 em Portugal como em toda a Europa e a n\u00edvel mundial, \u00e9 urgente sair \u00e0 rua e mostrar a nossa for\u00e7a para exigir propostas e a\u00e7\u00f5es significativas, concretas e eficazes para combater o racismo estrutural e institucional patente na sociedade portuguesa\u201d, pode ler-se no texto disponibilizado \u2018online\u2019.<\/p>\n\n\n\n<p>Os organizadores sustentam que os protestos s\u00e3o uma forma de contestar a indiferen\u00e7a, a apatia e o desrespeito pelas conquistas da revolu\u00e7\u00e3o de Abril, recordando as \u201ctantas pessoas que deram a sua vida para deixar para tr\u00e1s a ditadura que a extrema-direita quer recuperar\u201d. \u201cA liberdade e a igualdade s\u00e3o os valores que nos movem na defesa da democracia! O sil\u00eancio das institui\u00e7\u00f5es \u00e9 c\u00famplice. N\u00e3o o acompanharemos nem o legitimaremos!\u201d, sublinham.<\/p>\n\n\n\n<p>Sobre esse sil\u00eancio, explicam, de acordo com a Lusa, que no dia 27 de janeiro enviaram uma carta aberta a v\u00e1rias entidades p\u00fablicas, assinada por 8.474 pessoas, que pedia que fosse proibida a marcha de movimentos de extrema-direita contra a alegada islamiza\u00e7\u00e3o da Europa, e que aconteceu em 03 de fevereiro.<\/p>\n\n\n\n<p>\u201cA carta n\u00e3o obteve resposta de nenhuma das entidades destinat\u00e1rias, revelando um desprezo total pelo apelo feito, abrindo caminho para a pr\u00e1tica de crimes pelas ruas de Lisboa, testemunhados por um pa\u00eds inteiro, sem que as autoridades fizessem cumprir a lei\u201d, criticam.<\/p>\n\n\n\n<p>Defendem, por isso, que \u201c\u00e9 urgente\u201d que todas as for\u00e7as pol\u00edticas democr\u00e1ticas assumam publicamente compromissos muito claros para combater o racismo, a xenofobia e a islamofobia.<\/p>\n\n\n\n<p>A iniciativa vem na sequ\u00eancia da manifesta\u00e7\u00e3o organizada pela extrema-direita este m\u00eas, a qual n\u00e3o foi permitida nos moldes inicialmente previstos e do discurso de \u00f3dio que tem vindo a ser normalizado no espa\u00e7o p\u00fablico. Assim, desta forma, as a\u00e7\u00f5es, at\u00e9 pelo momento pol\u00edtico vivido, ganham import\u00e2ncia redobrada.<\/p>\n","protected":false},"excerpt":{"rendered":"<p>Milhares de pessoas participaram em manifesta\u00e7\u00f5es e concentra\u00e7\u00f5es contra o racismo em oito cidades do pa\u00eds. Mais de 64 estruturas, entre as quais a Frente Anti-Racista e a Vida Justa, juntaram-se sob o mote \u201cVota Contra o Racismo\u201d, num apelo lan\u00e7ado pelo Grupo de A\u00e7\u00e3o Conjunta contra o Racismo.<\/p>\n","protected":false},"author":153,"featured_media":7747,"comment_status":"closed","ping_status":"closed","sticky":false,"template":"","format":"standard","meta":[],"categories":[51],"tags":[],"coauthors":[89],"acf":[],"_links":{"self":[{"href":"https:\/\/vozoperario.pt\/jornal\/wp-json\/wp\/v2\/posts\/7746"}],"collection":[{"href":"https:\/\/vozoperario.pt\/jornal\/wp-json\/wp\/v2\/posts"}],"about":[{"href":"https:\/\/vozoperario.pt\/jornal\/wp-json\/wp\/v2\/types\/post"}],"author":[{"embeddable":true,"href":"https:\/\/vozoperario.pt\/jornal\/wp-json\/wp\/v2\/users\/153"}],"replies":[{"embeddable":true,"href":"https:\/\/vozoperario.pt\/jornal\/wp-json\/wp\/v2\/comments?post=7746"}],"version-history":[{"count":4,"href":"https:\/\/vozoperario.pt\/jornal\/wp-json\/wp\/v2\/posts\/7746\/revisions"}],"predecessor-version":[{"id":7751,"href":"https:\/\/vozoperario.pt\/jornal\/wp-json\/wp\/v2\/posts\/7746\/revisions\/7751"}],"wp:featuredmedia":[{"embeddable":true,"href":"https:\/\/vozoperario.pt\/jornal\/wp-json\/wp\/v2\/media\/7747"}],"wp:attachment":[{"href":"https:\/\/vozoperario.pt\/jornal\/wp-json\/wp\/v2\/media?parent=7746"}],"wp:term":[{"taxonomy":"category","embeddable":true,"href":"https:\/\/vozoperario.pt\/jornal\/wp-json\/wp\/v2\/categories?post=7746"},{"taxonomy":"post_tag","embeddable":true,"href":"https:\/\/vozoperario.pt\/jornal\/wp-json\/wp\/v2\/tags?post=7746"},{"taxonomy":"author","embeddable":true,"href":"https:\/\/vozoperario.pt\/jornal\/wp-json\/wp\/v2\/coauthors?post=7746"}],"curies":[{"name":"wp","href":"https:\/\/api.w.org\/{rel}","templated":true}]}}