{"id":7724,"date":"2024-03-05T12:23:22","date_gmt":"2024-03-05T12:23:22","guid":{"rendered":"https:\/\/vozoperario.pt\/jornal\/?p=7724"},"modified":"2024-03-05T12:23:23","modified_gmt":"2024-03-05T12:23:23","slug":"uma-escola-para-todos","status":"publish","type":"post","link":"https:\/\/vozoperario.pt\/jornal\/2024\/03\/05\/uma-escola-para-todos\/","title":{"rendered":"Uma Escola para todos"},"content":{"rendered":"\n<p>O espa\u00e7o educativo do Laranjeiro \u00e9 uma escola de portas abertas! Onde qualquer crian\u00e7a chega pela m\u00e3o da fam\u00edlia, que a acompanha em perman\u00eancia durante os primeiros dias dela na escola, fazendo parte das rotinas.&nbsp;<\/p>\n\n\n\n<p>Este per\u00edodo de adapta\u00e7\u00e3o \u00e9 fulcral para o processo que queremos construir. \u00c9 aqui que damos in\u00edcio \u00e0 rela\u00e7\u00e3o que vamos estabelecendo, onde nos damos a conhecer uns aos outros.<\/p>\n\n\n\n<p>Com o Yaman, tamb\u00e9m foi assim. Chegou no seu primeiro dia, acompanhado pela m\u00e3e, traziam com eles a&nbsp;ansiedade pr\u00f3pria de uma primeira vez e em simult\u00e2neo a vontade enorme de fazerem parte de tudo o que \u00e9 nosso. O Yaman precisava de uma escola e a m\u00e3e de arranjar um trabalho. Oriundos da S\u00edria, tinham chegado ao Laranjeiro com a ajuda da Cruz Vermelha e agora n\u00f3s passariamos a ser tamb\u00e9m a sua casa. Os seus h\u00e1bitos, a sua cultura s\u00e3o diferentes dos nossos e a import\u00e2ncia de serem respeitados dentro das suas diferen\u00e7as \u00e9 ponto assente para n\u00f3s.<\/p>\n\n\n\n<p>As crian\u00e7as recebem-nos com alguma curiosidade, mas pouco tempo depois, j\u00e1 o envolvem nas suas brincadeiras, com a ajuda da m\u00e3e e dos adultos da escola, os primeiros passos s\u00e3o dados.<\/p>\n\n\n\n<p>Quem chega pode contar com uma escola para todos, com a garantia de uma educa\u00e7\u00e3o inclusiva e de qualidade para todas as crian\u00e7as, independentemente das suas origens, habilidades ou circunst\u00e2ncias individuais.&nbsp;<\/p>\n\n\n\n<p>Defendemos a elimina\u00e7\u00e3o de barreiras sociais e pedag\u00f3gicas promovendo a igualdade de oportunidades.<\/p>\n\n\n\n<p>Uma escola inclusiva em creche e pr\u00e9 escolar representa um compromisso com a educa\u00e7\u00e3o que valoriza e respeita as diferen\u00e7as, promovendo o desenvolvimento integral de todas as crian\u00e7as. E \u00e9 assim que queremos uma escola, onde se valorize a diversidade e reconhe\u00e7a que cada crian\u00e7a \u00e9 \u00fanica, com as suas pr\u00f3prias necessidades e potencialidades. Por isso procuramos proporcionar um ambiente acolhedor e inclusivo, onde todos possam aprender e desenvolver-se&nbsp; plenamente.<\/p>\n\n\n\n<p>Preocupamo-nos em adaptar as pr\u00e1ticas pedag\u00f3gicas e os recursos dispon\u00edveis para responder \u00e0s necessidades de cada crian\u00e7a. Com a envolv\u00eancia e a participa\u00e7\u00e3o ativa da comunidade escolar, incluindo crian\u00e7as, pais e trabalhadores. Toda essa colabora\u00e7\u00e3o \u00e9 fundamental para criar um ambiente inclusivo e estimulante, onde cada indiv\u00edduo se sinta valorizado e tenha a oportunidade de alcan\u00e7ar o seu melhor. Procuramos a promo\u00e7\u00e3o da igualdade de oportunidades, valorizando a diversidade e garantindo que cada crian\u00e7a\u00a0 receba o que\u00a0 necessita, sendo esta pr\u00e1tica um pilar fundamental para o desenvolvimento de uma sociedade mais inclusiva, justa e igualit\u00e1ria.<br><br>Equipa Pedag\u00f3gica do Espa\u00e7o Educativo do Laranjeiro<\/p>\n","protected":false},"excerpt":{"rendered":"<p>O espa\u00e7o educativo do Laranjeiro \u00e9 uma escola de portas abertas! Onde qualquer crian\u00e7a chega pela m\u00e3o da fam\u00edlia, que a acompanha em perman\u00eancia durante os primeiros dias dela na escola, fazendo parte das rotinas.&nbsp; Este per\u00edodo de adapta\u00e7\u00e3o \u00e9 fulcral para o processo que queremos construir. \u00c9 aqui que damos in\u00edcio \u00e0 rela\u00e7\u00e3o que &hellip; <a href=\"https:\/\/vozoperario.pt\/jornal\/2024\/03\/05\/uma-escola-para-todos\/\" class=\"more-link\">Continue reading <span class=\"screen-reader-text\">Uma Escola para todos<\/span><\/a><\/p>\n","protected":false},"author":153,"featured_media":7725,"comment_status":"closed","ping_status":"closed","sticky":false,"template":"","format":"standard","meta":[],"categories":[43],"tags":[],"coauthors":[89],"acf":[],"_links":{"self":[{"href":"https:\/\/vozoperario.pt\/jornal\/wp-json\/wp\/v2\/posts\/7724"}],"collection":[{"href":"https:\/\/vozoperario.pt\/jornal\/wp-json\/wp\/v2\/posts"}],"about":[{"href":"https:\/\/vozoperario.pt\/jornal\/wp-json\/wp\/v2\/types\/post"}],"author":[{"embeddable":true,"href":"https:\/\/vozoperario.pt\/jornal\/wp-json\/wp\/v2\/users\/153"}],"replies":[{"embeddable":true,"href":"https:\/\/vozoperario.pt\/jornal\/wp-json\/wp\/v2\/comments?post=7724"}],"version-history":[{"count":2,"href":"https:\/\/vozoperario.pt\/jornal\/wp-json\/wp\/v2\/posts\/7724\/revisions"}],"predecessor-version":[{"id":7727,"href":"https:\/\/vozoperario.pt\/jornal\/wp-json\/wp\/v2\/posts\/7724\/revisions\/7727"}],"wp:featuredmedia":[{"embeddable":true,"href":"https:\/\/vozoperario.pt\/jornal\/wp-json\/wp\/v2\/media\/7725"}],"wp:attachment":[{"href":"https:\/\/vozoperario.pt\/jornal\/wp-json\/wp\/v2\/media?parent=7724"}],"wp:term":[{"taxonomy":"category","embeddable":true,"href":"https:\/\/vozoperario.pt\/jornal\/wp-json\/wp\/v2\/categories?post=7724"},{"taxonomy":"post_tag","embeddable":true,"href":"https:\/\/vozoperario.pt\/jornal\/wp-json\/wp\/v2\/tags?post=7724"},{"taxonomy":"author","embeddable":true,"href":"https:\/\/vozoperario.pt\/jornal\/wp-json\/wp\/v2\/coauthors?post=7724"}],"curies":[{"name":"wp","href":"https:\/\/api.w.org\/{rel}","templated":true}]}}