{"id":7652,"date":"2024-02-07T15:48:23","date_gmt":"2024-02-07T15:48:23","guid":{"rendered":"https:\/\/vozoperario.pt\/jornal\/?p=7652"},"modified":"2024-05-03T13:23:52","modified_gmt":"2024-05-03T13:23:52","slug":"a-solidariedade-houthi-e-o-apoio-ocidental-ao-genocidio-israelita-dos-palestinos","status":"publish","type":"post","link":"https:\/\/vozoperario.pt\/jornal\/2024\/02\/07\/a-solidariedade-houthi-e-o-apoio-ocidental-ao-genocidio-israelita-dos-palestinos\/","title":{"rendered":"A solidariedade Houthi e o apoio ocidental\u00a0ao genoc\u00eddio israelita dos palestinos"},"content":{"rendered":"\n<p>Atualmente, 85 por cento da popula\u00e7\u00e3o de Gaza est\u00e1 deslocada internamente e enfrenta cortes regulares de telecomunica\u00e7\u00f5es, bem como escassez de alimentos, \u00e1gua e medicamentos. Segundo a ONU, metade da popula\u00e7\u00e3o de Gaza corre o risco de morrer de fome e 90% dos palestinianos n\u00e3o t\u00eam condi\u00e7\u00f5es para comer todos os dias. Tudo isto resulta da decis\u00e3o de bloqueio por parte de Israel.<\/p>\n\n\n\n<p>Segundo a UNICEF, mais de 1,1 milh\u00f5es de crian\u00e7as na Faixa de Gaza est\u00e3o em risco de vida devido ao aumento de doen\u00e7as evit\u00e1veis, a que se junta a falta de \u00e1gua e de alimentos. Atualmente, 90 por cento das crian\u00e7as com menos de dois anos est\u00e3o sujeitas a uma situa\u00e7\u00e3o de \u201cpobreza alimentar grave\u201d.<\/p>\n\n\n\n<p>A destrui\u00e7\u00e3o da rede hospitalar e o impedimento \u00e0 entrada de material m\u00e9dico fazem com que, todos os dias, mais de 10 crian\u00e7as percam uma ou ambas as pernas e, na maioria dos casos, a amputa\u00e7\u00e3o tem de ser realizada sem anestesia.<\/p>\n\n\n\n<p>Dos 1,9 milh\u00f5es de pessoas atualmente deslocadas, 1,4 milh\u00f5es est\u00e3o em centros de abrigo sobrelotados, onde existe apenas um chuveiro para 4.500 pessoas e uma casa de banho para cada 220 pessoas.<\/p>\n\n\n\n<p>Em pouco mais de 4 meses Israel matou cerca de 119 jornalistas. De acordo com um relat\u00f3rio do Comit\u00e9 para a Protec\u00e7\u00e3o dos Jornalistas , \u201co Ex\u00e9rcito israelita matou mais jornalistas em dez semanas do que qualquer outro ex\u00e9rcito ou entidade matou num ano\u201d &#8211; pelo menos, desde que h\u00e1 registos.<\/p>\n\n\n\n<h2 class=\"wp-block-heading\">Press\u00e3o dos Houthis para acabar com genoc\u00eddio em Gaza<\/h2>\n\n\n\n<p>O genoc\u00eddio cometido por parte de Israel contra o povo palestiniano, com consequ\u00eancias humanas sem precedentes na hist\u00f3ria moderna, continua a contar com a cumplicidade dos Estados Unidos e a passividade da chamada \u201ccomunidade internacional\u201d. Em vez de fazer cumprir a Conven\u00e7\u00e3o de Genebra, decidem bombardear um pa\u00eds cujo o seu \u00fanico objectivo \u00e9 pressionar Israel para travar o genoc\u00eddio em curso na Faixa de Gaza.<\/p>\n\n\n\n<p>Desde meados de Novembro, os Houthis lan\u00e7aram pelo menos 34 ataques a rotas mar\u00edtimas internacionais e mais de 2000 navios foram for\u00e7ados a alterar o seu curso. Nenhum navio mercante foi afundado pelos ataques dos Houthis, assim como n\u00e3o h\u00e1 qualquer registo de v\u00edtimas mortais, at\u00e9 ao momento.<\/p>\n\n\n\n<p>A a\u00e7\u00e3o de solidariedade dos Houthis para com o povo Palestiniano causou um aut\u00eantico terramoto comercial. Cerca de 15 por cento do com\u00e9rcio mar\u00edtimo global passa pelo Mar Vermelho, incluindo 12 por cento do petr\u00f3leo comercializado por mar. 40 por cento do com\u00e9rcio entre a \u00c1sia e a Europa tamb\u00e9m passa pelo Canal de Suez. Grandes empresas como a Maersk e a Hapag-Lloyd abandonaram a rota pelo Mar Vermelho e optaram por contornar o continente africano. O bloqueio provocou o desvio de mercadorias no valor de 200 mil milh\u00f5es de d\u00f3lares e teve, ainda, impacto nos custos de seguro para navios comerciais. No caso dos navios israelitas, os seguros tiveram um aumento de 250 por cento e outros n\u00e3o conseguiram sequer obter seguro.<\/p>\n\n\n\n<p>No dia 12 de janeiro, avi\u00f5es americanos e brit\u00e2nicos come\u00e7aram a bombardear posi\u00e7\u00f5es militares de combatentes Houthi no I\u00e9men, marcando uma escalada da guerra na regi\u00e3o. Com esta ofensiva contra o territ\u00f3rio iemenita, as duas pot\u00eancias t\u00eam como suposto objectivo querer impedir os ataques Houthi contra navios mercantes. Como seria de esperar, o ataque a navios n\u00e3o cessou e a tens\u00e3o militar na regi\u00e3o aumentou. O Ir\u00e3o chegou mesmo a enviar um barco de guerra para o mar Vermelho, o qual foi posteriormente retirado.&nbsp;<\/p>\n\n\n\n<p>Um dos eventuais resultados de uma escalada do conflito no mar Vermelho \u00e9, sem d\u00favida, a subida do pre\u00e7o do petr\u00f3leo. Caso o Ir\u00e3o entre ativamente no conflito e decida fechar o Estreito de Ormuz, ou seja, o acesso ao Golfo P\u00e9rsico, as consequ\u00eancias ser\u00e3o catastr\u00f3ficas &#8211; 40 por cento do Petr\u00f3leo mundial passa pelo Estreito de Ormuz e pelo mar Vermelho.&nbsp;<\/p>\n\n\n\n<p>Os Estados Unidos, enquanto pa\u00eds exportador de petr\u00f3leo, sairia beneficiado deste eventual bloqueio. O mesmo n\u00e3o se pode dizer da Europa, que, \u00e0 semelhan\u00e7a com o que aconteceu no conflito da R\u00fassia-Ucr\u00e2nia, iria sair fortemente prejudicada e a bra\u00e7os com uma subida fulminante da infla\u00e7\u00e3o.&nbsp;<\/p>\n\n\n\n<h2 class=\"wp-block-heading\">O porqu\u00ea da solidariedade dos Houthis com a Palestina<\/h2>\n\n\n\n<p>I\u00e9men foi palco, durante quase uma d\u00e9cada, de uma interven\u00e7\u00e3o militar genocida liderada pela Ar\u00e1bia Saudita e pelos Emirados \u00c1rabes Unidos, apoiada pelos pa\u00edses ocidentais &#8211; com maior destaque para os Estados Unidos da Am\u00e9rica. Esta interven\u00e7\u00e3o provocou uma das maiores crises humanit\u00e1rias do mundo.&nbsp;<\/p>\n\n\n\n<p>O movimento Ansar Allah, mais conhecido como Houthis, \u00e9 a for\u00e7a que controla o governo, a capital e as regi\u00f5es mais populosas do I\u00e9men. Tendo o apoio do Ir\u00e3o, est\u00e3o longe de ser um \u201cgoverno fantoche\u201d. T\u00eam uma identidade pr\u00f3pria, defendem uma vis\u00e3o pan-isl\u00e2mica e panarabe da sociedade.&nbsp;<\/p>\n\n\n\n<p>Em 2015, os Houthis e outros movimentos pol\u00edticos tomaram a capital do I\u00e9men. Insatisfeitos com o desenvolvimento da guerra e com o facto do Ir\u00e3o estar a ganhar uma suposta influ\u00eancia naquele pa\u00eds, uma coliga\u00e7\u00e3o de 9 pa\u00edses liderada pela Ar\u00e1bia Saudita decide intervir militarmente.<\/p>\n\n\n\n<p>A guerra durou cerca de 9 anos. A Arabia Saudita, com o apoio dos Estados Unidos e dos seus aliados ocidentais, bombardeou indiscriminadamente a popula\u00e7\u00e3o civil, escolas e hospitais. Segundo dados da ONU, cerca de 400 mil pessoas perderam a vida neste conflito, com perto de 259 mil crian\u00e7as menores de cinco anos a morrerem em consequ\u00eancia da viol\u00eancia, da fome e de doen\u00e7as.<\/p>\n\n\n\n<p>Neste sentido, a solidariedade demonstrada pelos Houthis e a popula\u00e7\u00e3o civil do I\u00e9men para com a Palestina resulta do facto de terem vivenciado uma experi\u00eancia semelhante nos \u00faltimos anos. Bombardeamentos indiscriminados a civis, cerco genocida que impede a chegada de bens essenciais \u00e0 popula\u00e7\u00e3o, fome e doen\u00e7a &#8211; esta \u00e9 uma realidade vivida pela popula\u00e7\u00e3o I\u00e9menita desde 2015.&nbsp;<\/p>\n\n\n\n<h2 class=\"wp-block-heading\">Decis\u00e3o do TIJ ordena Israel a tomar medidas&nbsp;<\/h2>\n\n\n\n<p>No passado dia 26 de Janeiro, numa decis\u00e3o sem precedentes, o Tribunal Internacional de Justi\u00e7a (TIJ) ordenou a Israel que tome todas as medidas para impedir a pr\u00e1tica de actos genocidas, bem como garanta a entrada de assist\u00eancia humanit\u00e1ria em Gaza.&nbsp;<\/p>\n\n\n\n<p>Embora n\u00e3o tenha havido uma ordem de cessar-fogo, como pretendia a queixa apresentada pela \u00c1frica do Sul, esta decis\u00e3o representa uma derrota importante para Israel e para os seus principais defensores, os Estados Unidos e a Alemanha.<\/p>\n\n\n\n<p>Os governos do ocidente, at\u00e9 agora, parecem ter as coisas claras &#8211; bombardear uma popula\u00e7\u00e3o i\u00e9menita \u00e9 melhor solu\u00e7\u00e3o do que parar com o genoc\u00eddio perpetrado por Israel em Gaza. Vamos ver se algo muda depois desta decis\u00e3o hist\u00f3rica por parte do TIJ.<\/p>\n","protected":false},"excerpt":{"rendered":"<p>Desde o dia 7 de Outubro Israel j\u00e1 matou, pelo menos, 32.200 pessoas se tivermos em conta as pessoas que se encontram debaixo dos escombros, 12 mil dos quais crian\u00e7as. Ou seja, 1 crian\u00e7a palestiniana \u00e9 morta a cada 15 minutos. Mais de 60 mil pessoas ficaram feridas e\/ou estropiadas.<\/p>\n","protected":false},"author":99,"featured_media":7653,"comment_status":"closed","ping_status":"closed","sticky":false,"template":"","format":"standard","meta":[],"categories":[47],"tags":[],"coauthors":[196],"acf":[],"_links":{"self":[{"href":"https:\/\/vozoperario.pt\/jornal\/wp-json\/wp\/v2\/posts\/7652"}],"collection":[{"href":"https:\/\/vozoperario.pt\/jornal\/wp-json\/wp\/v2\/posts"}],"about":[{"href":"https:\/\/vozoperario.pt\/jornal\/wp-json\/wp\/v2\/types\/post"}],"author":[{"embeddable":true,"href":"https:\/\/vozoperario.pt\/jornal\/wp-json\/wp\/v2\/users\/99"}],"replies":[{"embeddable":true,"href":"https:\/\/vozoperario.pt\/jornal\/wp-json\/wp\/v2\/comments?post=7652"}],"version-history":[{"count":5,"href":"https:\/\/vozoperario.pt\/jornal\/wp-json\/wp\/v2\/posts\/7652\/revisions"}],"predecessor-version":[{"id":8041,"href":"https:\/\/vozoperario.pt\/jornal\/wp-json\/wp\/v2\/posts\/7652\/revisions\/8041"}],"wp:featuredmedia":[{"embeddable":true,"href":"https:\/\/vozoperario.pt\/jornal\/wp-json\/wp\/v2\/media\/7653"}],"wp:attachment":[{"href":"https:\/\/vozoperario.pt\/jornal\/wp-json\/wp\/v2\/media?parent=7652"}],"wp:term":[{"taxonomy":"category","embeddable":true,"href":"https:\/\/vozoperario.pt\/jornal\/wp-json\/wp\/v2\/categories?post=7652"},{"taxonomy":"post_tag","embeddable":true,"href":"https:\/\/vozoperario.pt\/jornal\/wp-json\/wp\/v2\/tags?post=7652"},{"taxonomy":"author","embeddable":true,"href":"https:\/\/vozoperario.pt\/jornal\/wp-json\/wp\/v2\/coauthors?post=7652"}],"curies":[{"name":"wp","href":"https:\/\/api.w.org\/{rel}","templated":true}]}}