{"id":7616,"date":"2024-02-07T13:55:11","date_gmt":"2024-02-07T13:55:11","guid":{"rendered":"https:\/\/vozoperario.pt\/jornal\/?p=7616"},"modified":"2024-02-07T13:55:25","modified_gmt":"2024-02-07T13:55:25","slug":"a-participacao-das-familias-na-vida-da-escola","status":"publish","type":"post","link":"https:\/\/vozoperario.pt\/jornal\/2024\/02\/07\/a-participacao-das-familias-na-vida-da-escola\/","title":{"rendered":"\u201cA participa\u00e7\u00e3o das fam\u00edlias\u00a0na vida da escola\u201d\u00a0"},"content":{"rendered":"\n<p><\/p>\n\n\n\n<p>Nestes \u00faltimos onze anos, a participa\u00e7\u00e3o das fam\u00edlias na escola foi vivida das mais diversas formas, com maior ou menor intensidade.&nbsp;<\/p>\n\n\n\n<p>Cada um de n\u00f3s tem um papel fundamental nesta rela\u00e7\u00e3o com as fam\u00edlias das crian\u00e7as, e isso acontece num primeiro impacto, durante o per\u00edodo de adapta\u00e7\u00e3o de uma crian\u00e7a ao ambiente escolar. Nesta primeira apresenta\u00e7\u00e3o, o papel dos adultos que recebem as fam\u00edlias pode e deve ser de acolher, n\u00e3o s\u00f3 as crian\u00e7as, mas tamb\u00e9m os pais, muitas vezes ansiosos e preocupados.&nbsp;<\/p>\n\n\n\n<p>Os pais poderem estar em sala, a apoiar nesta transi\u00e7\u00e3o e a serem tamb\u00e9m eles recebidos de bra\u00e7os abertos, facilita, e muito, o processo de adapta\u00e7\u00e3o de todos os envolvidos. E \u00e9 aqui que come\u00e7a a envolv\u00eancia das fam\u00edlias na nossa escola.&nbsp;<\/p>\n\n\n\n<p>Existiram muitos momentos ao longo dos anos em que as fam\u00edlias participaram na vida da escola. Podemos referir as festas de final de ano a que chamamos \u201cArraial\u201d, que \u00e9 um momento aberto \u00e0 comunidade, bem como, interven\u00e7\u00f5es no espa\u00e7o f\u00edsico da escola onde cada um d\u00e1 o seu cunho de criatividade na decora\u00e7\u00e3o das paredes que todos os dias nos recebem.&nbsp;<\/p>\n\n\n\n<p>Recebemos fam\u00edlias que dinamizaram a festa de natal, fam\u00edlias que fizeram equipas de costura para a realiza\u00e7\u00e3o de alguns fatos de carnaval para os mais pequenos.&nbsp;<\/p>\n\n\n\n<p>Ao longo do ano tamb\u00e9m recebemos fam\u00edlias que v\u00eam \u00e0s salas fazer receitas de culin\u00e1ria, ler hist\u00f3rias, participar na vida da escola experienciando a rotina di\u00e1ria. \u00c9 aqui que sentimos que a participa\u00e7\u00e3o das fam\u00edlias se reflete na vida escolar, onde se sentem \u00e0 vontade para propor, onde sentem que t\u00eam uma Voz. E isso, diz muito.&nbsp;<\/p>\n\n\n\n<p>H\u00e1 fam\u00edlias que se sentem confiantes em entrar na sala do seu filho, em interagir com os demais e a propor uma atividade, e h\u00e1 quem n\u00e3o se sinta confort\u00e1vel para o fazer. E est\u00e1 tudo bem.&nbsp;<\/p>\n\n\n\n<p>H\u00e1 grupos de pais mensalmente, onde s\u00e3o discutidos temas sugeridos pelas fam\u00edlias, que v\u00e3o ao encontro das suas necessidades. Mais uma vez, participa quem pode e quem quer.&nbsp;<\/p>\n\n\n\n<p>Todos os anos a participa\u00e7\u00e3o das fam\u00edlias na vida da escola \u00e9 diferente.&nbsp;<\/p>\n\n\n\n<p>Na sua ess\u00eancia, a maior envolv\u00eancia&nbsp; da participa\u00e7\u00e3o das fam\u00edlias passa pela vida di\u00e1ria, pelas conversas nos momentos de acolhimento e no regresso \u00e0 fam\u00edlia, na rela\u00e7\u00e3o que se cria entre a escola e a fam\u00edlia.&nbsp;<\/p>\n\n\n\n<p>\u00c9 com base nos princ\u00edpios do livre arb\u00edtrio e da democracia, pilares d\u00b4A Voz do Oper\u00e1rio, que assentam os valores de quem por aqui passa.&nbsp;<\/p>\n","protected":false},"excerpt":{"rendered":"<p>Envolver as fam\u00edlias na vida da escola. Como? Perguntam voc\u00eas. Aqui, no Espa\u00e7o Educativo do Lavradio, esta necessidade tem estado presente nas v\u00e1rias reflex\u00f5es de equipa educativa ao longo do tempo. <\/p>\n","protected":false},"author":116,"featured_media":7621,"comment_status":"closed","ping_status":"closed","sticky":false,"template":"","format":"standard","meta":[],"categories":[43],"tags":[],"coauthors":[213],"acf":[],"_links":{"self":[{"href":"https:\/\/vozoperario.pt\/jornal\/wp-json\/wp\/v2\/posts\/7616"}],"collection":[{"href":"https:\/\/vozoperario.pt\/jornal\/wp-json\/wp\/v2\/posts"}],"about":[{"href":"https:\/\/vozoperario.pt\/jornal\/wp-json\/wp\/v2\/types\/post"}],"author":[{"embeddable":true,"href":"https:\/\/vozoperario.pt\/jornal\/wp-json\/wp\/v2\/users\/116"}],"replies":[{"embeddable":true,"href":"https:\/\/vozoperario.pt\/jornal\/wp-json\/wp\/v2\/comments?post=7616"}],"version-history":[{"count":4,"href":"https:\/\/vozoperario.pt\/jornal\/wp-json\/wp\/v2\/posts\/7616\/revisions"}],"predecessor-version":[{"id":7622,"href":"https:\/\/vozoperario.pt\/jornal\/wp-json\/wp\/v2\/posts\/7616\/revisions\/7622"}],"wp:featuredmedia":[{"embeddable":true,"href":"https:\/\/vozoperario.pt\/jornal\/wp-json\/wp\/v2\/media\/7621"}],"wp:attachment":[{"href":"https:\/\/vozoperario.pt\/jornal\/wp-json\/wp\/v2\/media?parent=7616"}],"wp:term":[{"taxonomy":"category","embeddable":true,"href":"https:\/\/vozoperario.pt\/jornal\/wp-json\/wp\/v2\/categories?post=7616"},{"taxonomy":"post_tag","embeddable":true,"href":"https:\/\/vozoperario.pt\/jornal\/wp-json\/wp\/v2\/tags?post=7616"},{"taxonomy":"author","embeddable":true,"href":"https:\/\/vozoperario.pt\/jornal\/wp-json\/wp\/v2\/coauthors?post=7616"}],"curies":[{"name":"wp","href":"https:\/\/api.w.org\/{rel}","templated":true}]}}