{"id":7552,"date":"2024-01-09T11:50:14","date_gmt":"2024-01-09T11:50:14","guid":{"rendered":"https:\/\/vozoperario.pt\/jornal\/?p=7552"},"modified":"2024-01-09T11:50:14","modified_gmt":"2024-01-09T11:50:14","slug":"abril-e-combate-a-exploracao-em-foco-no-congresso-da-cgtp-in","status":"publish","type":"post","link":"https:\/\/vozoperario.pt\/jornal\/2024\/01\/09\/abril-e-combate-a-exploracao-em-foco-no-congresso-da-cgtp-in\/","title":{"rendered":"Abril e combate\u00a0 \u00e0 explora\u00e7\u00e3o em foco no congresso da CGTP-IN"},"content":{"rendered":"\n<p>Sob o lema \u201cGarantir direitos, combater a explora\u00e7\u00e3o, afirmar Abril por um Portugal com futuro\u201d, o 15.\u00ba congresso da CGTP-IN realiza-se no ano em que se comemoram os 50 anos da revolu\u00e7\u00e3o de Abril. De acordo com a maior central sindical nacional, o encontro vai realizar-se \u201cnum quadro de forte agravamento das condi\u00e7\u00f5es de trabalho e de vida\u201d e no qual ganha destaque \u201ca luta dos trabalhadores e do povo\u201d.&nbsp;<\/p>\n\n\n\n<p>Para a CGTP-IN, \u201cexige-se uma pol\u00edtica alternativa que enfrente os interesses dos grandes grupos econ\u00f3micos e que rompa com o caminho de favorecimento desses mesmos interesses, que tem sido seguido pelo PS, com o apoio do PSD, CDS, CH e IL\u201d.<\/p>\n\n\n\n<p>Segundo os documentos que v\u00e3o estar em discuss\u00e3o, este momento corresponde ao \u201cacontecimento maior da hist\u00f3ria de Portugal\u201d, \u201cresultou de d\u00e9cadas de resist\u00eancia e luta e concretizou a vontade coletiva dos trabalhadores e do povo portugu\u00eas\u201d para derrubar o fascismo.&nbsp;<\/p>\n\n\n\n<p>\u201cO projeto sindical que corporizamos marcou e foi marcado de forma indel\u00e9vel pela revolu\u00e7\u00e3o. As conquistas e valores que a CGTP-IN contribuiu para garantir e consolidar e que continua a defender e a exigir que sejam cumpridos, fazem parte do seu patrim\u00f3nio de luta e, est\u00e3o presentes na ac\u00e7\u00e3o em defesa dos direitos e pela melhoria das condi\u00e7\u00f5es de trabalho e de vida, que moldam a forma como nos organizamos, a natureza de classe que assumimos e os princ\u00edpios da unidade, democracia, independ\u00eancia, solidariedade e do sindicalismo de massas pelos quais nos regemos\u201d, refere ainda o programa de a\u00e7\u00e3o aprovado no Conselho Nacional da central sindical.<\/p>\n\n\n\n<p>A CGTP-IN define-se como uma organiza\u00e7\u00e3o de massas \u201cporque nela se organizam e participam todos os trabalhadores, independentemente da sua ra\u00e7a, cren\u00e7a religiosa ou do partido a que perten\u00e7am\u201d. Um dos principais prop\u00f3sitos da sua exist\u00eancia \u00e9 \u201corganizar os trabalhadores para a defesa dos seus direitos coletivos e individuais\u201d e \u201cdesenvolver um sindicalismo de interven\u00e7\u00e3o e transforma\u00e7\u00e3o, com a participa\u00e7\u00e3o dos trabalhadores, na luta pela sua emancipa\u00e7\u00e3o e pela constru\u00e7\u00e3o de uma sociedade mais justa e fraterna, sem explora\u00e7\u00e3o do homem pelo homem\u201d.&nbsp;<\/p>\n\n\n\n<p>Durante dois dias, para al\u00e9m da an\u00e1lise pol\u00edtica da situa\u00e7\u00e3o nacional e internacional, assim como das formas de luta a travar no futuro, a CGTP-IN vai ainda eleger os seus \u00f3rg\u00e3os internos.<\/p>\n","protected":false},"excerpt":{"rendered":"<p>\u00c9 j\u00e1 no fim deste m\u00eas, a 23 e 24 de fevereiro, no Pavilh\u00e3o Municipal da Torre da Marinha, no Seixal, que se realiza o 15.\u00ba congresso da CGTP-IN.<\/p>\n","protected":false},"author":153,"featured_media":7553,"comment_status":"closed","ping_status":"closed","sticky":false,"template":"","format":"standard","meta":[],"categories":[43],"tags":[],"coauthors":[89],"acf":[],"_links":{"self":[{"href":"https:\/\/vozoperario.pt\/jornal\/wp-json\/wp\/v2\/posts\/7552"}],"collection":[{"href":"https:\/\/vozoperario.pt\/jornal\/wp-json\/wp\/v2\/posts"}],"about":[{"href":"https:\/\/vozoperario.pt\/jornal\/wp-json\/wp\/v2\/types\/post"}],"author":[{"embeddable":true,"href":"https:\/\/vozoperario.pt\/jornal\/wp-json\/wp\/v2\/users\/153"}],"replies":[{"embeddable":true,"href":"https:\/\/vozoperario.pt\/jornal\/wp-json\/wp\/v2\/comments?post=7552"}],"version-history":[{"count":2,"href":"https:\/\/vozoperario.pt\/jornal\/wp-json\/wp\/v2\/posts\/7552\/revisions"}],"predecessor-version":[{"id":7555,"href":"https:\/\/vozoperario.pt\/jornal\/wp-json\/wp\/v2\/posts\/7552\/revisions\/7555"}],"wp:featuredmedia":[{"embeddable":true,"href":"https:\/\/vozoperario.pt\/jornal\/wp-json\/wp\/v2\/media\/7553"}],"wp:attachment":[{"href":"https:\/\/vozoperario.pt\/jornal\/wp-json\/wp\/v2\/media?parent=7552"}],"wp:term":[{"taxonomy":"category","embeddable":true,"href":"https:\/\/vozoperario.pt\/jornal\/wp-json\/wp\/v2\/categories?post=7552"},{"taxonomy":"post_tag","embeddable":true,"href":"https:\/\/vozoperario.pt\/jornal\/wp-json\/wp\/v2\/tags?post=7552"},{"taxonomy":"author","embeddable":true,"href":"https:\/\/vozoperario.pt\/jornal\/wp-json\/wp\/v2\/coauthors?post=7552"}],"curies":[{"name":"wp","href":"https:\/\/api.w.org\/{rel}","templated":true}]}}