{"id":7336,"date":"2023-11-08T21:48:26","date_gmt":"2023-11-08T21:48:26","guid":{"rendered":"https:\/\/vozoperario.pt\/jornal\/?p=7336"},"modified":"2023-11-08T21:48:27","modified_gmt":"2023-11-08T21:48:27","slug":"maria-alda-nogueira-uma-vida-de-luta-pelos-direitos-da-mulher-pela-liberdade-e-pela-paz","status":"publish","type":"post","link":"https:\/\/vozoperario.pt\/jornal\/2023\/11\/08\/maria-alda-nogueira-uma-vida-de-luta-pelos-direitos-da-mulher-pela-liberdade-e-pela-paz\/","title":{"rendered":"Maria Alda Nogueira, uma vida de luta pelos direitos da mulher, pela liberdade e pela paz"},"content":{"rendered":"\n<p>Alda Nogueira, bem cedo, come\u00e7a a perceber, como a vida das mulheres era muito dura, e que a guerra prendia torturava e matava quem se batia pela liberdade e progresso da Humanidade.<\/p>\n\n\n\n<p>Licenciada em Ci\u00eancias F\u00edsico-Qu\u00edmicas, exerceu a doc\u00eancia nessa \u00e1rea, entre 1945\/47, em Olh\u00e3o, e na Escolas Alfredo da Silva, no Barreiro, e na Voz do Oper\u00e1rio.<\/p>\n\n\n\n<h2 class=\"wp-block-heading\">A luta pela Paz uma causa das mulheres<\/h2>\n\n\n\n<p>Ainda aluna na Faculdade ingressa na Associa\u00e7\u00e3o Feminina Portuguesa para a Paz (AFPP), e foi aqui, no trabalho, com muitas outras mulheres anti-fascistas, que come\u00e7ou a interessar-se e a ganhar consci\u00eancia que era necess\u00e1rio abra\u00e7ar a luta das mulheres.<\/p>\n\n\n\n<p>Este abra\u00e7o com a luta das mulheres vai ser mantido at\u00e9 ao fim da sua vida, tornando-se ainda mais forte, ao integrar o Conselho Nacional das Mulheres Portuguesas- CNMP, a partir de 1945. Junta ent\u00e3o o seu valioso contributo ao de outras mulheres, entre as quais Maria Lamas, para que este Conselho se alargue e crie uma organiza\u00e7\u00e3o s\u00f3lida, com vista \u00e0 dignifica\u00e7\u00e3o e emancipa\u00e7\u00e3o da mulher e protec\u00e7\u00e3o da crian\u00e7a.<\/p>\n\n\n\n<p>O CNMP denuncia cada vez mais a falta de protec\u00e7\u00e3o social e na sa\u00fade da mulher, e da crian\u00e7a, o analfabetismo, e come\u00e7a a p\u00f4r em causa o regime. Este Conselho realiza a \u201cExposi\u00e7\u00e3o de Livros Escritos por Mulheres\u201d, em Janeiro de 1947, que tem repercuss\u00e3o na imprensa e no mundo. Numa das palestras realizadas sobre&nbsp;<em>A ci\u00eancia e a mulher<\/em>, \u00e9 oradora Alda Nogueira.&nbsp;<\/p>\n\n\n\n<p>Nessa altura, a repress\u00e3o aumenta sobre uma oposi\u00e7\u00e3o cada vez mais forte, e o CNMP \u00e9 encerrado pelo governo, em Junho de 1947.<\/p>\n\n\n\n<h2 class=\"wp-block-heading\">A luta pela liberdade, contra a ditadura<\/h2>\n\n\n\n<p>Alda Nogueira, membro do PCP desde 1942, \u00e9 for\u00e7ada pelo regime a passar \u00e0 clandestinidade em 1949, tendo sido a primeira mulher condenada, em 1960, a 8 anos de pris\u00e3o, por motivos pol\u00edticos, mas passa nove anos e dois meses nos c\u00e1rceres fascistas.&nbsp;<\/p>\n\n\n\n<p>Alda Nogueira foi uma, entre outras mulheres que se destacaram na luta antifascista, e que contribu\u00edram para a queda da ditadura, para a conquista da liberdade e pelo fim da guerra colonial.&nbsp;<\/p>\n\n\n\n<h2 class=\"wp-block-heading\">No dia 25 de Abril, o Povo vem para a rua&nbsp;e inicia-se a revolu\u00e7\u00e3o&nbsp;<\/h2>\n\n\n\n<p>As mulheres agarraram nas suas m\u00e3os a conquista dos seus direitos.&nbsp;<\/p>\n\n\n\n<h2 class=\"wp-block-heading\">A luta pela consagra\u00e7\u00e3o para todos&nbsp;de direitos pol\u00edticos, econ\u00f3micos, sociais&nbsp;e culturais<\/h2>\n\n\n\n<p>Maria Alda foi uma das mulheres deputadas, pelo PCP, \u00e0 Assembleia Constituinte e \u00e0 Assembleia da Rep\u00fablica, entre 1976\/1986. Teve sempre um papel destacado na defesa, em toda a sua amplitude dos direitos da mulher na lei e na vida: direitos pol\u00edticos, econ\u00f3micos, sociais, e culturais. Foi Presidente da Comiss\u00e3o Parlamentar da Condi\u00e7\u00e3o Feminina de 1983 a 1985, Comiss\u00e3o que teve um papel relevante no reconhecimento p\u00fablico das associa\u00e7\u00f5es de mulheres, e na den\u00fancia da persist\u00eancia das discrimina\u00e7\u00f5es das mulheres no acesso ao trabalho e enquanto trabalhadoras, na maternidade e paternidade, entre outros.&nbsp;<\/p>\n\n\n\n<p>Alda Nogueira foi uma antifascista intransigente para com a ditadura, intransigente para com a explora\u00e7\u00e3o das\/dos trabalhadores, para com a pobreza, e o analfabetismo, para com a exclus\u00e3o de direitos das mulheres.<\/p>\n\n\n\n<p>Foi uma dinamizadora, activista e dirigente entusiasta do Movimento Democr\u00e1tico de Mulheres<\/p>\n\n\n\n<p>Foi condecorada com a Medalha de Honra do MDM no ano de 1987 e em 1988 \u00e9 agraciada com o grau de grande-oficial da Ordem da Liberdade.<\/p>\n\n\n\n<p>Consagrada como mulher de Abril, Maria Alda passou a figurar tamb\u00e9m na topon\u00edmia de v\u00e1rias localidades do nosso pa\u00eds, e o seu busto em pedra, encontra-se no claustro da Assembleia da Rep\u00fablica.<\/p>\n\n\n\n<p>Esta grande lutadora, ferozmente castigada pelo fascismo, conseguiu suplantar obst\u00e1culos, e resistiu, resistiu sempre alimentada pelos seus fortes ideais, pelas profundas e duradouras amizades e pela solidariedade.<\/p>\n","protected":false},"excerpt":{"rendered":"<p>Evoca-se este ano o 100\u00ba anivers\u00e1rio de Maria Alda Nogueira, resistente anti-fascista,\u00a0que lutou incansavelmente contra a ditadura, contra a explora\u00e7\u00e3o, pela emancipa\u00e7\u00e3o da mulher, e pela paz.<\/p>\n","protected":false},"author":42,"featured_media":7337,"comment_status":"closed","ping_status":"closed","sticky":false,"template":"","format":"standard","meta":[],"categories":[51],"tags":[],"coauthors":[124],"acf":[],"_links":{"self":[{"href":"https:\/\/vozoperario.pt\/jornal\/wp-json\/wp\/v2\/posts\/7336"}],"collection":[{"href":"https:\/\/vozoperario.pt\/jornal\/wp-json\/wp\/v2\/posts"}],"about":[{"href":"https:\/\/vozoperario.pt\/jornal\/wp-json\/wp\/v2\/types\/post"}],"author":[{"embeddable":true,"href":"https:\/\/vozoperario.pt\/jornal\/wp-json\/wp\/v2\/users\/42"}],"replies":[{"embeddable":true,"href":"https:\/\/vozoperario.pt\/jornal\/wp-json\/wp\/v2\/comments?post=7336"}],"version-history":[{"count":3,"href":"https:\/\/vozoperario.pt\/jornal\/wp-json\/wp\/v2\/posts\/7336\/revisions"}],"predecessor-version":[{"id":7340,"href":"https:\/\/vozoperario.pt\/jornal\/wp-json\/wp\/v2\/posts\/7336\/revisions\/7340"}],"wp:featuredmedia":[{"embeddable":true,"href":"https:\/\/vozoperario.pt\/jornal\/wp-json\/wp\/v2\/media\/7337"}],"wp:attachment":[{"href":"https:\/\/vozoperario.pt\/jornal\/wp-json\/wp\/v2\/media?parent=7336"}],"wp:term":[{"taxonomy":"category","embeddable":true,"href":"https:\/\/vozoperario.pt\/jornal\/wp-json\/wp\/v2\/categories?post=7336"},{"taxonomy":"post_tag","embeddable":true,"href":"https:\/\/vozoperario.pt\/jornal\/wp-json\/wp\/v2\/tags?post=7336"},{"taxonomy":"author","embeddable":true,"href":"https:\/\/vozoperario.pt\/jornal\/wp-json\/wp\/v2\/coauthors?post=7336"}],"curies":[{"name":"wp","href":"https:\/\/api.w.org\/{rel}","templated":true}]}}