{"id":7197,"date":"2023-09-05T11:40:11","date_gmt":"2023-09-05T11:40:11","guid":{"rendered":"https:\/\/vozoperario.pt\/jornal\/?p=7197"},"modified":"2023-11-08T22:37:52","modified_gmt":"2023-11-08T22:37:52","slug":"reflexao-continua","status":"publish","type":"post","link":"https:\/\/vozoperario.pt\/jornal\/2023\/09\/05\/reflexao-continua\/","title":{"rendered":"Reflex\u00e3o cont\u00ednua"},"content":{"rendered":"\n<p>A reda\u00e7\u00e3o do nosso jornal pediu-me para escrever uma nota para assinalar o in\u00edcio de mais um ano letivo em quase todo o Hemisf\u00e9rio Norte. Come\u00e7amos em setembro porque quando tamb\u00e9m para as crian\u00e7as do campo e dos trabalhadores das f\u00e1bricas a escola se tornou uma obriga\u00e7\u00e3o, essas crian\u00e7as tendiam a desaparecer nos meses de colheitas. Os governantes da elite viram-se for\u00e7ados a adaptar o calend\u00e1rio escolar quisessem eles treinar as crian\u00e7as nas institui\u00e7\u00f5es que criaram. \u00c9, portanto, com in\u00edcio em setembro que, ano ap\u00f3s ano, as crian\u00e7as tinham que aprender a tornar-se trabalhadores obedientes de acordo com as prescri\u00e7\u00f5es de Lancaster, Lasalle e dos rituais da instru\u00e7\u00e3o. Para as elites emergentes na era da industrializa\u00e7\u00e3o da Europa a escola era um bom instrumento: se as crian\u00e7as tinham de ir \u00e0 escola e n\u00e3o \u00e0 f\u00e1brica, ent\u00e3o que fosse para prepar\u00e1-las para o mercado de trabalho.<\/p>\n\n\n\n<p>A rea\u00e7\u00e3o veio principalmente de c\u00edrculos intelectuais radicais, mais tarde socialistas e anarquistas: queriam afastar a escola da influ\u00eancia da igreja e dos liberais doutrin\u00e1rios. A educa\u00e7\u00e3o devia voltar a servir o deslumbramento, dizia Dewey, a descoberta de si e dos outros, dizia Ovide Decroly. Surgiram iniciativas com a desvantagem de custarem dinheiro. Alguns, como Francisco Ferrer com a sua Escola Moderna em Barcelona, puderam fazer uso de doa\u00e7\u00f5es, mantendo as propinas escolares baixas. Outros como os col\u00e9gios de Educa\u00e7\u00e3o Ativa na Gr\u00e3-Bretanha visavam filhos de intelectuais abastados.<\/p>\n\n\n\n<p>Quem iniciou a Sociedade A Voz do Oper\u00e1rio e tinha interesse em criar escolas para os filhos dos seus associados viu a vantagem do cooperativismo e do mutualismo. Desde os primeiros compromissos mutualistas, pouco antes da primeira rep\u00fablica at\u00e9 hoje, a institui\u00e7\u00e3o proporcionou sempre educa\u00e7\u00e3o para as crian\u00e7as dos seus s\u00f3cios que assim o desejassem. Nos anos 20, existia nas proximidades a Escola Oficina com contactos com a Liga da Escola Nova em toda a Europa. O pedagogo Adolfo Lima envolveu-se com ambas as institui\u00e7\u00f5es antes de ser afastado pelo Estado Novo.<\/p>\n\n\n\n<p>Mas \u00e9 s\u00f3 na d\u00e9cada de 1970 que tomou corpo o projeto educativo que A Voz do Oper\u00e1rio se prop\u00f5e hoje concretizar de diversas formas nas suas diferentes localiza\u00e7\u00f5es e val\u00eancias. Foi por iniciativa de alguns dos seus antigos professores e educadores de inf\u00e2ncia. No final da d\u00e9cada de oitenta, a ent\u00e3o dire\u00e7\u00e3o fez dessa iniciativa a sua proposta de projeto para todas as crian\u00e7as dos seus s\u00f3cios que frequentam as suas escolas.<\/p>\n\n\n\n<p>O que \u00e9 singular no projeto educativo d\u2019A Voz do Oper\u00e1rio \u00e9 que s\u00f3 se concretiza se houver reflex\u00e3o cont\u00ednua de todos os intervenientes no trabalho educativo: crian\u00e7as, pessoal educativo e n\u00e3o educativo e muitas vezes tamb\u00e9m pais e av\u00f3s. \u00c9 com a pr\u00e1tica refletida que o projeto permanece ou cai. Manter essa pr\u00e1tica continua a ser o desafio para todos os s\u00f3cios da institui\u00e7\u00e3o no que toca \u00e0s suas escolas.&nbsp;<\/p>\n\n\n\n<p>Como s\u00f3cio e av\u00f4 de dois netos na Voz, espero ver toda a gente alegre e com for\u00e7a para esta empreitada educacional.<\/p>\n\n\n\n<h2 class=\"wp-block-heading\"><strong>In\u00edcio do ano letivo 2023\/24<\/strong><\/h2>\n\n\n\n<p>O ano lectivo 2023\/24 inicia-se com um evento de abertura onde est\u00e3o presentes todos os trabalhadores, pais, alunos e o diretor-geral d\u2019A Voz do Oper\u00e1rio, nas seguintes datas em cada um dos espa\u00e7os educativos:<\/p>\n\n\n\n<p><strong>Espa\u00e7o Educativo do Laranjeiro<\/strong><\/p>\n\n\n\n<p>5 de setembro \u2013 17h30<\/p>\n\n\n\n<p><strong>Espa\u00e7o Educativo do Lavradio<\/strong><\/p>\n\n\n\n<p>6 de setembro \u2013 17h30<\/p>\n\n\n\n<p><strong>Espa\u00e7o Educativo da Baixa da Banheira<\/strong><\/p>\n\n\n\n<p>7 de setembro \u2013 17h30<\/p>\n\n\n\n<p><strong>Espa\u00e7o Educativo da Gra\u00e7a (Creche e Pr\u00e9-escolar)<\/strong><\/p>\n\n\n\n<p>11 de setembro \u2013 18h<\/p>\n\n\n\n<p><strong>Espa\u00e7o Educativo da Gra\u00e7a (1\u00ba e 2\u00ba ciclo)<\/strong><\/p>\n\n\n\n<p>12 de setembro \u2013 18h<\/p>\n\n\n\n<p><strong>Espa\u00e7o Educativo da Creche da Ajuda<\/strong><\/p>\n\n\n\n<p>13 de setembro \u2013 17h<\/p>\n\n\n\n<p><strong>Espa\u00e7o Educativo da Cal\u00e7ada da Ajuda Gra\u00e7a<\/strong><\/p>\n\n\n\n<p>14 de setembro \u2013 17h30<\/p>\n\n\n\n<p><strong>Espa\u00e7o Educativo do Restelo&nbsp;<\/strong><\/p>\n\n\n\n<p>18 de setembro \u2013 18h30<\/p>\n","protected":false},"excerpt":{"rendered":"<p>Para muitos, setembro \u00e9 m\u00eas de reencontro. A abertura do ano letivo marca o regresso para muitos e o in\u00edcio de uma trajet\u00f3ria para outros. Bem a prop\u00f3sito, Pascal Paulus, membro da dire\u00e7\u00e3o d\u2019A Voz do Oper\u00e1rio, desvenda um pouco desse caminho que levamos desde 1883.<\/p>\n","protected":false},"author":72,"featured_media":7041,"comment_status":"closed","ping_status":"closed","sticky":false,"template":"","format":"standard","meta":[],"categories":[43],"tags":[],"coauthors":[168],"acf":[],"_links":{"self":[{"href":"https:\/\/vozoperario.pt\/jornal\/wp-json\/wp\/v2\/posts\/7197"}],"collection":[{"href":"https:\/\/vozoperario.pt\/jornal\/wp-json\/wp\/v2\/posts"}],"about":[{"href":"https:\/\/vozoperario.pt\/jornal\/wp-json\/wp\/v2\/types\/post"}],"author":[{"embeddable":true,"href":"https:\/\/vozoperario.pt\/jornal\/wp-json\/wp\/v2\/users\/72"}],"replies":[{"embeddable":true,"href":"https:\/\/vozoperario.pt\/jornal\/wp-json\/wp\/v2\/comments?post=7197"}],"version-history":[{"count":4,"href":"https:\/\/vozoperario.pt\/jornal\/wp-json\/wp\/v2\/posts\/7197\/revisions"}],"predecessor-version":[{"id":7396,"href":"https:\/\/vozoperario.pt\/jornal\/wp-json\/wp\/v2\/posts\/7197\/revisions\/7396"}],"wp:featuredmedia":[{"embeddable":true,"href":"https:\/\/vozoperario.pt\/jornal\/wp-json\/wp\/v2\/media\/7041"}],"wp:attachment":[{"href":"https:\/\/vozoperario.pt\/jornal\/wp-json\/wp\/v2\/media?parent=7197"}],"wp:term":[{"taxonomy":"category","embeddable":true,"href":"https:\/\/vozoperario.pt\/jornal\/wp-json\/wp\/v2\/categories?post=7197"},{"taxonomy":"post_tag","embeddable":true,"href":"https:\/\/vozoperario.pt\/jornal\/wp-json\/wp\/v2\/tags?post=7197"},{"taxonomy":"author","embeddable":true,"href":"https:\/\/vozoperario.pt\/jornal\/wp-json\/wp\/v2\/coauthors?post=7197"}],"curies":[{"name":"wp","href":"https:\/\/api.w.org\/{rel}","templated":true}]}}