{"id":7060,"date":"2023-07-04T16:22:14","date_gmt":"2023-07-04T16:22:14","guid":{"rendered":"https:\/\/vozoperario.pt\/jornal\/?p=7060"},"modified":"2023-07-04T16:22:15","modified_gmt":"2023-07-04T16:22:15","slug":"discriminacao-salarial-das-enfermeiras-por-licenca-parental","status":"publish","type":"post","link":"https:\/\/vozoperario.pt\/jornal\/2023\/07\/04\/discriminacao-salarial-das-enfermeiras-por-licenca-parental\/","title":{"rendered":"Discrimina\u00e7\u00e3o salarial das enfermeiras por licen\u00e7a parental"},"content":{"rendered":"\n<p>Recuamos a 2018. H\u00e1 5 anos os Enfermeiros em exerc\u00edcio da Especialidade, conquistaram o direito a receber o sal\u00e1rio de acordo com a tabela remunerat\u00f3ria prevista para o desempenho das suas fun\u00e7\u00f5es de alta complexidade.<\/p>\n\n\n\n<p>Todos. Excepto 25 mulheres, enfermeiras especialistas, trabalhadoras na Administra\u00e7\u00e3o Regional de Sa\u00fade de Lisboa e Vale do Tejo (ARS LVT).<\/p>\n\n\n\n<p>Apenas porque se encontravam em pleno gozo da sua licen\u00e7a parental.<\/p>\n\n\n\n<p>Estas mulheres mant\u00eam-se em v\u00e1rios centros de sa\u00fade no seio da comunidade, respondendo no \u00e2mbito da sua profiss\u00e3o com compet\u00eancias especializadas, \u00e0s necessidades em sa\u00fade da popula\u00e7\u00e3o.<\/p>\n\n\n\n<p>S\u00e3o enfermeiras de sa\u00fade materna que acompanham no pr\u00e9 e p\u00f3s parto, s\u00e3o enfermeiras que v\u00e3o a casa reabilitar os doentes dependentes, s\u00e3o enfermeiras que aplicam t\u00e9cnicas avan\u00e7adas no controlo e cicatriza\u00e7\u00e3o de feridas complexas, s\u00e3o enfermeiras que acompanham o crescimento e desenvolvimento infantil&#8230; N\u00e3o falharam nestes \u00faltimos 5 anos, mesmo durante a pandemia, apesar de receberem cerca de 20% menos sal\u00e1rio que outro enfermeiro em circunst\u00e2ncias semelhantes, que n\u00e3o exercia o seu direito parental a 1 de janeiro 2018.<\/p>\n\n\n\n<p>Estas 25 enfermeiras continuam a lutar. Lutam organizadas, com o Sindicato dos Enfermeiros Portugueses (CGTP-IN) que, como uma delas referia na manifesta\u00e7\u00e3o de enfermeiros do passado dia12 de maio, \u201cfoi a unica organiza\u00e7\u00e3o que esteve sempre connosco\u201d.<\/p>\n\n\n\n<p>Com o passar do tempo a injusti\u00e7a agrava-se. Al\u00e9m de se manterem prejudicadas salarialmente e exclu\u00eddas da categoria de Especialista, o afastamento da realidade de outros enfermeiros, veda-lhes o pagamento de retroativos no processo de descongelamento de carreiras no Servi\u00e7o Nacional de Sa\u00fade e a candidatura a concursos p\u00fablicos.<\/p>\n\n\n\n<p>Apesar do parecer favor\u00e1vel da Comiss\u00e3o para a Igualdade no trabalho e no emprego, apesar da ARS LVT reconhecer a injusti\u00e7a&#8230; At\u00e9 hoje, 25 mulheres recebem menos sal\u00e1rio por terem exercido o seu direito parental.<\/p>\n","protected":false},"excerpt":{"rendered":"<p>Recuamos a 2018. H\u00e1 5 anos os Enfermeiros em exerc\u00edcio da Especialidade, conquistaram o direito a receber o sal\u00e1rio de acordo com a tabela remunerat\u00f3ria prevista para o desempenho das suas fun\u00e7\u00f5es de alta complexidade. Todos. Excepto 25 mulheres, enfermeiras especialistas, trabalhadoras na Administra\u00e7\u00e3o Regional de Sa\u00fade de Lisboa e Vale do Tejo (ARS LVT). &hellip; <a href=\"https:\/\/vozoperario.pt\/jornal\/2023\/07\/04\/discriminacao-salarial-das-enfermeiras-por-licenca-parental\/\" class=\"more-link\">Continue reading <span class=\"screen-reader-text\">Discrimina\u00e7\u00e3o salarial das enfermeiras por licen\u00e7a parental<\/span><\/a><\/p>\n","protected":false},"author":153,"featured_media":7061,"comment_status":"closed","ping_status":"closed","sticky":false,"template":"","format":"standard","meta":[],"categories":[45],"tags":[],"coauthors":[89],"acf":[],"_links":{"self":[{"href":"https:\/\/vozoperario.pt\/jornal\/wp-json\/wp\/v2\/posts\/7060"}],"collection":[{"href":"https:\/\/vozoperario.pt\/jornal\/wp-json\/wp\/v2\/posts"}],"about":[{"href":"https:\/\/vozoperario.pt\/jornal\/wp-json\/wp\/v2\/types\/post"}],"author":[{"embeddable":true,"href":"https:\/\/vozoperario.pt\/jornal\/wp-json\/wp\/v2\/users\/153"}],"replies":[{"embeddable":true,"href":"https:\/\/vozoperario.pt\/jornal\/wp-json\/wp\/v2\/comments?post=7060"}],"version-history":[{"count":2,"href":"https:\/\/vozoperario.pt\/jornal\/wp-json\/wp\/v2\/posts\/7060\/revisions"}],"predecessor-version":[{"id":7063,"href":"https:\/\/vozoperario.pt\/jornal\/wp-json\/wp\/v2\/posts\/7060\/revisions\/7063"}],"wp:featuredmedia":[{"embeddable":true,"href":"https:\/\/vozoperario.pt\/jornal\/wp-json\/wp\/v2\/media\/7061"}],"wp:attachment":[{"href":"https:\/\/vozoperario.pt\/jornal\/wp-json\/wp\/v2\/media?parent=7060"}],"wp:term":[{"taxonomy":"category","embeddable":true,"href":"https:\/\/vozoperario.pt\/jornal\/wp-json\/wp\/v2\/categories?post=7060"},{"taxonomy":"post_tag","embeddable":true,"href":"https:\/\/vozoperario.pt\/jornal\/wp-json\/wp\/v2\/tags?post=7060"},{"taxonomy":"author","embeddable":true,"href":"https:\/\/vozoperario.pt\/jornal\/wp-json\/wp\/v2\/coauthors?post=7060"}],"curies":[{"name":"wp","href":"https:\/\/api.w.org\/{rel}","templated":true}]}}