{"id":6824,"date":"2023-04-10T13:28:33","date_gmt":"2023-04-10T13:28:33","guid":{"rendered":"https:\/\/vozoperario.pt\/jornal\/?p=6824"},"modified":"2023-05-05T11:58:31","modified_gmt":"2023-05-05T11:58:31","slug":"comissao-das-comemoracoes-populares-convoca-todos-os-que-defendem-os-valores-de-abril","status":"publish","type":"post","link":"https:\/\/vozoperario.pt\/jornal\/2023\/04\/10\/comissao-das-comemoracoes-populares-convoca-todos-os-que-defendem-os-valores-de-abril\/","title":{"rendered":"Comiss\u00e3o das comemora\u00e7\u00f5es populares convoca todos os que defendem os valores de Abril"},"content":{"rendered":"\n<p>Num extenso manifesto a comiss\u00e3o que organiza este ano as comemora\u00e7\u00f5es populares do 49.\u00ba anivers\u00e1rio do 25 de Abril, convoca para o desfile comemorativo todos quantos se revejam nos valores constantes naquele documento, apelando a que se \u201cjuntem e participem no Desfile Popular, \u00e0s 15 horas do dia 25 de Abril de 2023, no Marqu\u00eas de Pombal e Avenida da Liberdade\u201d.<\/p>\n\n\n\n<p>Ora o documento, designado Manifesto que \u00e9 da autoria da comiss\u00e3o das comemora\u00e7\u00f5es populares, considera que \u201ccumprir abril\u201d, \u00e9 defender e refor\u00e7ar o Servi\u00e7o Nacional de Sa\u00fade, investir na Educa\u00e7\u00e3o e na Cultura, garantir o direito \u00e0 habita\u00e7\u00e3o e combater a pobreza e o agravamento das desigualdades sociais.<\/p>\n\n\n\n<p>O Manifesto considera que \u201cpersistem discrimina\u00e7\u00f5es por g\u00e9nero, idade, defici\u00eancia, origem \u00e9tnica ou car\u00eancias de ordem socioecon\u00f3mica\u201d situa\u00e7\u00f5es que se acentuaram com a pandemia, mas agora tamb\u00e9m com o \u201caumento do custo de vida\u201d que, no entender da comiss\u00e3o, est\u00e1 criar \u201ccada vez mais desigualdades no pa\u00eds\u201d.<\/p>\n\n\n\n<p>Ora, para cumprir Abril, refere o documento, \u201c\u00e9 preciso defender e refor\u00e7ar o Servi\u00e7o Nacional de Sa\u00fade (\u2026) dotando-o dos meios necess\u00e1rios e compensando os profissionais de sa\u00fade de forma digna e consistente; investir na Educa\u00e7\u00e3o, respondendo ao clamor dos seus profissionais de forma a poder aplicar-se efetivamente os des\u00edgnios da Escola Inclusiva; investir na Cultura, pois \u00e9 pela Cultura que se preserva a mem\u00f3ria identit\u00e1ria dos povos, sem a qual o futuro fica comprometido; garantir o direito \u00e0 habita\u00e7\u00e3o, em condi\u00e7\u00f5es de habitabilidade e de acessibilidade; combater a pobreza e o agravamento das desigualdades sociais (\u2026) valoriza\u00e7\u00e3o dos direitos laborais, pondo fim \u00e0 precariza\u00e7\u00e3o do trabalho e aos baixos sal\u00e1rios, mas, tamb\u00e9m, \u00e9 preciso aumentar as reformas e pens\u00f5es e garantir uma efetiva prote\u00e7\u00e3o dos grupos sociais mais vulner\u00e1veis e marginalizados; combate \u00e0s altera\u00e7\u00f5es clim\u00e1ticas; garantir o direito de acesso \u00e0 Justi\u00e7a\u201d.<\/p>\n\n\n\n<p>O documento termina com o apelo \u201ca todos quantos se revejam nos valores constantes neste Apelo da Comiss\u00e3o Promotora das Comemora\u00e7\u00f5es Populares do 25 de Abril\u201d.<\/p>\n\n\n\n<p>Ora foram exatamente a quase totalidade destas causas que mobilizaram milh\u00f5es de portugueses durante o m\u00eas de mar\u00e7o e in\u00edcio de abril e que se traduziram em grandes manifestaram em todo o pa\u00eds. A mais recente sobre o Direito \u00e0 Habita\u00e7\u00e3o, trouxe para a rua milhares de manifestantes em v\u00e1rias cidades do pa\u00eds. Porto, Braga, Aveiro, Coimbra, Viseu e Set\u00fabal foram as seis cidades para al\u00e9m da capital, onde milhares de portugueses se juntaram no passado dia 1 de abril e que pediram medidas que penalizem a especula\u00e7\u00e3o imobili\u00e1ria e outras que solucionem o problema da habita\u00e7\u00e3o. Os manifestantes condenaram tamb\u00e9m o pacote de medidas do governo por considerarem que n\u00e3o confrontam os verdadeiros respons\u00e1veis pela atual situa\u00e7\u00e3o especulativa das rendas. Na altura, os partidos \u00e0 direita, como o Iniciativa Liberal, PSD e Chega, bem como as presid\u00eancias das autarquias de Lisboa e Porto, preferiram salientar a defesa dos alojamentos locais como solu\u00e7\u00f5es para a gest\u00e3o imobili\u00e1ria na cidade.<\/p>\n\n\n\n<p>Nesse mesmo dia o Movimento de Utentes dos Servi\u00e7o P\u00fablicos do distrito de Lisboa manifestava-se frente ao Minist\u00e9rio da Sa\u00fade exigindo, para al\u00e9m da reabertura do Servi\u00e7o de Urg\u00eancia Pedi\u00e1tricas do Hospital Beatriz \u00c2ngelo e S. Francisco Xavier. Numa mo\u00e7\u00e3o aprovada nesta manifesta\u00e7\u00e3o exigem, entre outras coisas, a reabertura destes servi\u00e7os de urg\u00eancia bem como a contrata\u00e7\u00e3o de mais profissionais para o SNS, j\u00e1 que a n\u00edvel nacional s\u00e3o cerca de 1,6 milh\u00f5es os utentes que n\u00e3o t\u00eam M\u00e9dico de Fam\u00edlia.<\/p>\n\n\n\n<p>J\u00e1 no que respeita \u00e0 Educa\u00e7\u00e3o, t\u00eam sido realizadas um conjunto de manifesta\u00e7\u00f5es, mas tamb\u00e9m greves que mobilizaram praticamente todas as escolas do pa\u00eds. Os professores assumem a defesa da Escola P\u00fablica e prometem n\u00e3o desmobilizar enquanto o Minist\u00e9rio n\u00e3o respeitar tempos de servi\u00e7o n\u00e3o eliminar assimetrias na evolu\u00e7\u00e3o da carreira.<\/p>\n\n\n\n<p>Tamb\u00e9m os Estudantes de v\u00e1rias faculdades de Lisboa sa\u00edram \u00e0 rua no dia 23 de mar\u00e7o, em manifesta\u00e7\u00e3o, mobilizados por algumas das associa\u00e7\u00f5es reclamando a elimina\u00e7\u00e3o das propinas, mais alojamento p\u00fablico para estudantes, mais cantinas universit\u00e1rias, em suma, maior investimento no ensino superior p\u00fablico.<\/p>\n\n\n\n<p>Mas a grande manifesta\u00e7\u00e3o decorreu a 28 de mar\u00e7o e mobilizou mais de 100 mil trabalhadores de todo o pa\u00eds, convocada pela CGTP. Era o culminar de uma greve decretada na Administra\u00e7\u00e3o P\u00fablica pela Frente Comum de Sindicatos da Fun\u00e7\u00e3o P\u00fablica. A manifesta\u00e7\u00e3o entupiu todas as art\u00e9rias de acesso ao Marqu\u00eas de Pombal em Lisboa, encheu a Avenida das Liberdade at\u00e9 aos Restauradores, reclamando melhores sal\u00e1rios, melhores condi\u00e7\u00f5es de vida e de trabalho, mas tamb\u00e9m outros temas como o SNS, a Habita\u00e7\u00e3o, a Educa\u00e7\u00e3o, a Paz, eram palavras de ordem que se ouviram nesta que foi considerada a maior manifesta\u00e7\u00e3o dos \u00faltimos tempos.<\/p>\n","protected":false},"excerpt":{"rendered":"<p>No manifesto das comemora\u00e7\u00f5es populares do 25 de Abril convoca-se a defesa de muitas das causas que estiveram na origem de in\u00fameras manifesta\u00e7\u00f5es que marcaram os \u00faltimos tempos. A come\u00e7ar pela defesa da Paz, do combate ao empobrecimento dos trabalhadores, a defesa do Ensino P\u00fablico, do SNS e da Habita\u00e7\u00e3o.<\/p>\n","protected":false},"author":153,"featured_media":6825,"comment_status":"closed","ping_status":"closed","sticky":false,"template":"","format":"standard","meta":[],"categories":[54],"tags":[],"coauthors":[89],"acf":[],"_links":{"self":[{"href":"https:\/\/vozoperario.pt\/jornal\/wp-json\/wp\/v2\/posts\/6824"}],"collection":[{"href":"https:\/\/vozoperario.pt\/jornal\/wp-json\/wp\/v2\/posts"}],"about":[{"href":"https:\/\/vozoperario.pt\/jornal\/wp-json\/wp\/v2\/types\/post"}],"author":[{"embeddable":true,"href":"https:\/\/vozoperario.pt\/jornal\/wp-json\/wp\/v2\/users\/153"}],"replies":[{"embeddable":true,"href":"https:\/\/vozoperario.pt\/jornal\/wp-json\/wp\/v2\/comments?post=6824"}],"version-history":[{"count":3,"href":"https:\/\/vozoperario.pt\/jornal\/wp-json\/wp\/v2\/posts\/6824\/revisions"}],"predecessor-version":[{"id":6917,"href":"https:\/\/vozoperario.pt\/jornal\/wp-json\/wp\/v2\/posts\/6824\/revisions\/6917"}],"wp:featuredmedia":[{"embeddable":true,"href":"https:\/\/vozoperario.pt\/jornal\/wp-json\/wp\/v2\/media\/6825"}],"wp:attachment":[{"href":"https:\/\/vozoperario.pt\/jornal\/wp-json\/wp\/v2\/media?parent=6824"}],"wp:term":[{"taxonomy":"category","embeddable":true,"href":"https:\/\/vozoperario.pt\/jornal\/wp-json\/wp\/v2\/categories?post=6824"},{"taxonomy":"post_tag","embeddable":true,"href":"https:\/\/vozoperario.pt\/jornal\/wp-json\/wp\/v2\/tags?post=6824"},{"taxonomy":"author","embeddable":true,"href":"https:\/\/vozoperario.pt\/jornal\/wp-json\/wp\/v2\/coauthors?post=6824"}],"curies":[{"name":"wp","href":"https:\/\/api.w.org\/{rel}","templated":true}]}}