{"id":6549,"date":"2023-01-04T16:02:49","date_gmt":"2023-01-04T16:02:49","guid":{"rendered":"https:\/\/vozoperario.pt\/jornal\/?p=6549"},"modified":"2023-01-04T16:02:50","modified_gmt":"2023-01-04T16:02:50","slug":"livro-sobre-a-vida-de-adriano-lancado-na-voz","status":"publish","type":"post","link":"https:\/\/vozoperario.pt\/jornal\/2023\/01\/04\/livro-sobre-a-vida-de-adriano-lancado-na-voz\/","title":{"rendered":"Livro sobre a vida de Adriano\u00a0lan\u00e7ado n\u2019A Voz"},"content":{"rendered":"\n<p>Foi apresentado, no passado dezembro, n\u2019A Voz do Oper\u00e1rio \u201cO Perigoso Pacifista\u201d, livro de banda desenhada da autoria de Paulo Vaz de Carvalho e Jo\u00e3o Mascarenhas, com hist\u00f3rias da vida de Adriano Correia de Oliveira. A sess\u00e3o come\u00e7ou com a proje\u00e7\u00e3o de um v\u00eddeo biogr\u00e1fico sobre o cantor e teve a presen\u00e7a, entre o p\u00fablico, de Manuel Figueiredo, presidente d\u2019A Voz do Oper\u00e1rio, V\u00edtor Agostinho, vice-presidente, e Nuno Abreu, diretor-geral.<\/p>\n\n\n\n<p>Em jeito de introdu\u00e7\u00e3o, Manuel Matos, da comiss\u00e3o executiva da Comiss\u00e3o Promotora das Comemora\u00e7\u00f5es dos 80 anos de Adriano Correia de Oliveira, recordou algumas das iniciativas j\u00e1 realizadas, entre as quais as exposi\u00e7\u00f5es que t\u00eam percorrido o pa\u00eds. Manuel Matos referiu, ainda, os espet\u00e1culos marcados para 1 de abril no F\u00f3rum Lisboa e para 13 de maio no Conservat\u00f3rio de Coimbra e lan\u00e7ou convites para outros eventos na Galiza, Bruxelas e Col\u00f3nia, na Alemanha.<\/p>\n\n\n\n<p>Por sua vez, Jo\u00e3o Mascarenhas, artista gr\u00e1fico que fez os desenhos para os textos de Paulo Vaz de Carvalho, explicou que este trabalho \u00e9 fruto da \u201cdedica\u00e7\u00e3o e amor pela carreira de Adriano\u201d e agradeceu a algumas das pessoas que permitiram que este livro ganhasse vida, como Concei\u00e7\u00e3o Matos, Domingos Abrantes e Jos\u00e9 Pedro Soares.<\/p>\n\n\n\n<p>Para participar na parte escrita, o artista falou com Paulo Vaz de Carvalho. Decidiram que n\u00e3o queriam fazer um livro biogr\u00e1fico e usaram o \u00e2ngulo de v\u00e1rias hist\u00f3rias que fazem parte da vida de Adriano Correia de Oliveira destacando o \u201cgrande ser humano\u201d e o \u201cbom humor\u201d do m\u00fasico.&nbsp;<\/p>\n\n\n\n<p>Entre os epis\u00f3dios que ajudaram a construir este livro, Jo\u00e3o Mascarenhas lembrou o dia, ainda antes da revolu\u00e7\u00e3o, em que o cantor reservou um est\u00fadio em Lisboa a meio da semana apesar de estar a fazer tropa em Bel\u00e9m e Rui Pato em Santar\u00e9m. Com o guitarrista preocupado com a impossibilidade de abandonar o quartel para gravar o disco, Adriano falou com Salgueiro Maia, que permitiu a sa\u00edda de Rui Pato. Mas havia outro problema. No dia marcado, Adriano deveria estar a fazer uma ronda pela cidade e acabou por convencer outro camarada de armas a dar voltas enquanto gravava com Rui Pato alguns temas, quase de improviso.<\/p>\n\n\n\n<p>Jo\u00e3o Mascarenhas destacou que \u00e9 importante usar a mem\u00f3ria para preservar o passado e lembrou que, em v\u00e1rias apresenta\u00e7\u00f5es do livro, v\u00e1rias pessoas na plateia foram ter com o desenhador para dizer que estavam nalgumas imagens do livro, feitas atrav\u00e9s de recria\u00e7\u00e3o de fotos da \u00e9poca.<\/p>\n\n\n\n<p>Antes do jovem m\u00fasico Ruben Martins ter tocado e cantado algumas das can\u00e7\u00f5es de Adriano, V\u00edtor Agostinho recordou que A Voz do Oper\u00e1rio foi palco de v\u00e1rias atua\u00e7\u00f5es do m\u00fasico antes e depois da revolu\u00e7\u00e3o. No fim, o p\u00fablico presente cantou em coro algumas can\u00e7\u00f5es como Cantar de Emigra\u00e7\u00e3o, Morte que Mataste Lira e Trova do Vento que Passa. \u00c0 institui\u00e7\u00e3o, Manuel Matos ofereceu uma gravura com o rosto de Adriano Correia de Oliveira.<\/p>\n","protected":false},"excerpt":{"rendered":"<p>Foi apresentado, no passado dezembro, n\u2019A Voz do Oper\u00e1rio \u201cO Perigoso Pacifista\u201d, livro de banda desenhada da autoria de Paulo Vaz de Carvalho e Jo\u00e3o Mascarenhas, com hist\u00f3rias da vida de Adriano Correia de Oliveira. A sess\u00e3o come\u00e7ou com a proje\u00e7\u00e3o de um v\u00eddeo biogr\u00e1fico sobre o cantor e teve a presen\u00e7a, entre o p\u00fablico, &hellip; <a href=\"https:\/\/vozoperario.pt\/jornal\/2023\/01\/04\/livro-sobre-a-vida-de-adriano-lancado-na-voz\/\" class=\"more-link\">Continue reading <span class=\"screen-reader-text\">Livro sobre a vida de Adriano\u00a0lan\u00e7ado n\u2019A Voz<\/span><\/a><\/p>\n","protected":false},"author":5,"featured_media":6550,"comment_status":"closed","ping_status":"closed","sticky":false,"template":"","format":"standard","meta":[],"categories":[43],"tags":[],"coauthors":[71],"acf":[],"_links":{"self":[{"href":"https:\/\/vozoperario.pt\/jornal\/wp-json\/wp\/v2\/posts\/6549"}],"collection":[{"href":"https:\/\/vozoperario.pt\/jornal\/wp-json\/wp\/v2\/posts"}],"about":[{"href":"https:\/\/vozoperario.pt\/jornal\/wp-json\/wp\/v2\/types\/post"}],"author":[{"embeddable":true,"href":"https:\/\/vozoperario.pt\/jornal\/wp-json\/wp\/v2\/users\/5"}],"replies":[{"embeddable":true,"href":"https:\/\/vozoperario.pt\/jornal\/wp-json\/wp\/v2\/comments?post=6549"}],"version-history":[{"count":2,"href":"https:\/\/vozoperario.pt\/jornal\/wp-json\/wp\/v2\/posts\/6549\/revisions"}],"predecessor-version":[{"id":6552,"href":"https:\/\/vozoperario.pt\/jornal\/wp-json\/wp\/v2\/posts\/6549\/revisions\/6552"}],"wp:featuredmedia":[{"embeddable":true,"href":"https:\/\/vozoperario.pt\/jornal\/wp-json\/wp\/v2\/media\/6550"}],"wp:attachment":[{"href":"https:\/\/vozoperario.pt\/jornal\/wp-json\/wp\/v2\/media?parent=6549"}],"wp:term":[{"taxonomy":"category","embeddable":true,"href":"https:\/\/vozoperario.pt\/jornal\/wp-json\/wp\/v2\/categories?post=6549"},{"taxonomy":"post_tag","embeddable":true,"href":"https:\/\/vozoperario.pt\/jornal\/wp-json\/wp\/v2\/tags?post=6549"},{"taxonomy":"author","embeddable":true,"href":"https:\/\/vozoperario.pt\/jornal\/wp-json\/wp\/v2\/coauthors?post=6549"}],"curies":[{"name":"wp","href":"https:\/\/api.w.org\/{rel}","templated":true}]}}