{"id":6495,"date":"2022-12-05T16:17:54","date_gmt":"2022-12-05T16:17:54","guid":{"rendered":"https:\/\/vozoperario.pt\/jornal\/?p=6495"},"modified":"2023-03-15T12:52:10","modified_gmt":"2023-03-15T12:52:10","slug":"gala-de-fado-invade-a-voz-do-operario-pelo-sexto-ano-consecutivo","status":"publish","type":"post","link":"https:\/\/vozoperario.pt\/jornal\/2022\/12\/05\/gala-de-fado-invade-a-voz-do-operario-pelo-sexto-ano-consecutivo\/","title":{"rendered":"Gala de Fado &#8216;invade&#8217; A Voz do Oper\u00e1rio pelo sexto ano consecutivo"},"content":{"rendered":"\n<p>A voz feminina que invade o sal\u00e3o projeta para longe a imagina\u00e7\u00e3o de quem ouve as palavras escritas pelo escritor David Mour\u00e3o Ferreira para Am\u00e1lia Rodrigues na can\u00e7\u00e3o \u201cAbandono\u201d sobre os presos pol\u00edticos na cadeia de Peniche. Desta vez \u00e9 Raquel Maria, o Pr\u00e9mio Revela\u00e7\u00e3o Feminina, que carrega consigo a paix\u00e3o pelo fado por influ\u00eancia do amor familiar pela mais conhecida das fadistas. De tal forma que em 2018 concorreu e venceu o Pr\u00e9mio Am\u00e1lia Rodrigues, no Fund\u00e3o. \u00c9 ela que inaugura a 6.\u00aa Gala de Fado d\u2019A Voz do Oper\u00e1rio, perante centenas de espetadores que n\u00e3o querem perder aquele que j\u00e1 se tornou num dos maiores eventos deste g\u00e9nero musical em Lisboa.&nbsp;<\/p>\n\n\n\n<p>A liga\u00e7\u00e3o entre A Voz do Oper\u00e1rio e o fado remonta \u00e0 sua cria\u00e7\u00e3o, no final do s\u00e9culo XIX. Ao longo da sua hist\u00f3ria, foram in\u00fameras as personalidades do fado que ajudaram a manter viva a atividade regular da institui\u00e7\u00e3o e as p\u00e1ginas do jornal foram o meio de divulga\u00e7\u00e3o de poemas e de defesa do fado enquanto express\u00e3o cultural da classe trabalhadora. Tem sido, ali\u00e1s, esse patrim\u00f3nio que A Voz invoca ao organizar estes espet\u00e1culos de solidariedade com o objetivo de recolher apoios para a renova\u00e7\u00e3o do sal\u00e3o de festas. Os artistas que aqui participam fazem-no de forma volunt\u00e1ria e Raquel Maria agradece que seja um evento que aposte tamb\u00e9m na valoriza\u00e7\u00e3o de compositores e poetas \u201csem os quais n\u00e3o haveria fado\u201d.<\/p>\n\n\n\n<p>Para receber o Pr\u00e9mio Revela\u00e7\u00e3o Masculina com a estatueta inspirada na fadista Maria da Nazar\u00e9, madrinha da Gala de Fado, foi a vez de Tiago Concei\u00e7\u00e3o brilhar no palco. Este jovem fadista de apenas 20 anos, conta, apesar da juventude, com um caminho de v\u00e1rios anos no mundo do fado. Foi aluno da CLAF, tendo j\u00e1 participado em diversos concursos de fado. J\u00e1 cantou nas resid\u00eancias do Caf\u00e9 Luso e foi finalista da grande noite do fado de Santa Maria Maior.<\/p>\n\n\n\n<p>S\u00e3o v\u00e1rios os artistas convidados que v\u00eam dar cor \u00e0 solidariedade. \u00c9 o caso de Nadine que agradece \u00e0 Voz do Oper\u00e1rio a \u201cenorme honra\u201d de cantar neste espa\u00e7o entre todos os homenageados, desejando estar um dia nessa lista. \u00c9 tamb\u00e9m o caso de Bruno Igrejas, que afirmou estar n\u2019A Voz desde pequeno, de Carla Cortez, de Pedro Ferreira e de Mafalda Arnauth, cumprindo a promessa do ano anterior de que voltaria para cumprir a actua\u00e7\u00e3o que teve que cancelar na altura, por motivos de sa\u00fade. Valeu a pena a espera!<\/p>\n\n\n\n<p>Entre os muitos galard\u00f5es entregues, a Associa\u00e7\u00e3o de Fado da Madeira levou o Pr\u00e9mio Divulga\u00e7\u00e3o. Daniel Gouveia, ao receber o Pr\u00e9mio Poesia e Literatura, lembrou que vai fazer 80 anos e agradeceu aos fadistas que t\u00eam dado voz \u00e0s suas letras, lendo um poema do letrista Artur Soares Pereira no qual recordou que \u201cvelho \u00e9 quem tem a vida cheia de anos e n\u00e3o anos cheios de vida\u201d. Fadista, compositor, letrista e escritor, \u00e9 autor de letras e m\u00fasicas de fado interpretadas por nomes como Julieta Estrela, Teresa Tapadas, Linda Leonardo, Nuno de Aguiar ou Carlos Zel.<\/p>\n\n\n\n<p>Por sua vez, Lino Ramos recebeu o Pr\u00e9mio Popular. Este \u00e9 o homem que canta todas as noites em Alfama e todos os dias cria f\u00e3s, tanto pela sua postura como pela sua voz e estilo \u00fanicos. \u00c9 uma figura muito querida pelos amantes do fado popular. J\u00e1 Marino de Freitas levou o Pr\u00e9mio Compositor. J\u00e1 em 2006 tinha recebido o galard\u00e3o para Melhor Viola-Baixo, na II Grande Gala do Pr\u00e9mio Am\u00e1lia Rodrigues. Ao longo do seu percurso, tem acompanhado nomes como Ana Moura, Carlos do Carmo, Cristina Branco, Joana Amendoeira, Jorge Fernando, Maria da F\u00e9, Mafalda Arnauth, entre muitos outros.<\/p>\n\n\n\n<p>Enquanto m\u00fasico, j\u00e1 tocou junto de artistas como Caman\u00e9, Faf\u00e1 de Bel\u00e9m, Ant\u00f3nio Zambujo, Mafalda Arnauth, H\u00e9lder Moutinho, Argentina Santos e Flor\u00eancia. Samuel Cabral declarou ao p\u00fablico que o Pr\u00e9mio Compositor era uma \u201cvitamina\u201d e que a gala representava um sinal de \u201cvitalidade\u201d do fado.&nbsp;<\/p>\n\n\n\n<p>\u201cEu n\u00e3o sou ningu\u00e9m sozinho. Eu sou algu\u00e9m convosco\u201d, afirmou do palco, Jorge Baptista da Silva, Pr\u00e9mio Solidariedade, enfatizando o valor do coletivo. Natural de Cascais, come\u00e7ou a cantar aos 12 anos em casas de fado e em espect\u00e1culos, tanto em Portugal, como no estrangeiro. Gravou o seu primeiro trabalho discogr\u00e1fico e aos 19 anos entrou no Conservat\u00f3rio Nacional de Lisboa. Participou no programa \u201cNasci para o Fado\u201d, da RTP e foi convidado por Filipe La Feria para integrar o elenco \u201cFado- Hist\u00f3ria de um Povo\u201d. Esteve sempre ao lado d\u2019A Voz do Oper\u00e1rio. Pelo meio ainda houve tempo para homenagear o \u201cZ\u00e9 Ant\u00f3nio\u201d, como era conhecido Jos\u00e9 Ant\u00f3nio Garcia.<\/p>\n\n\n\n<p>Um dos maiores aplausos da matin\u00e9 foi para Rita Ribeiro, que recebeu o Pr\u00e9mio Lisboa, que sublinhou que os pr\u00e9mios \u201cs\u00e3o um abra\u00e7o de carinho\u201d. Recordou que nasceu na Bica, na casa dos av\u00f3s maternos, virada para o Tejo. Filha dos atores Curado Ribeiro e Maria Jos\u00e9, muito emocionada, a cantora levantou o p\u00fablico v\u00e1rias vezes.<\/p>\n\n\n\n<p>Outro momento alto da tarde foi a subida ao palco de Ant\u00f3nio Calv\u00e1rio para levar o Pr\u00e9mio Artes e Espet\u00e1culo, um reconhecimento de uma carreira que come\u00e7ou aos 18 anos na Emissora Nacional. Venceu o primeiro Festival RTP da can\u00e7\u00e3o e foi considerado durante anos o Rei da R\u00e1dio.<\/p>\n\n\n\n<p>Depois, foi a vez de Fernanda Maria receber o Pr\u00e9mio Carreira. S\u00edmbolo m\u00e1ximo do fado casti\u00e7o, foi distinguida em 1963 com o Pr\u00e9mio da Imprensa e em 2006 com o Pr\u00e9mio Am\u00e1lia Rodrigues &#8211; Carreira. A tarde terminou com Ant\u00f3nio Pinto Basto, um dos fadistas mais queridos do grande p\u00fablico. O autor de Rosa Branca quis lembrar v\u00e1rios m\u00fasicos que morreram como Jos\u00e9 Lu\u00eds Nobre Costa e Francisco Gon\u00e7alves.<\/p>\n\n\n\n<p>Esta gala contou com a apresenta\u00e7\u00e3o carism\u00e1tica de In\u00eas Curado e H\u00e9lder Agapito. De acordo com a organiza\u00e7\u00e3o, a pr\u00f3xima edi\u00e7\u00e3o da Gala de Fado est\u00e1 assegurada e realizar-se-\u00e1 a 5 de novembro de 2023.<\/p>\n","protected":false},"excerpt":{"rendered":"<p>A voz feminina que invade o sal\u00e3o projeta para longe a imagina\u00e7\u00e3o de quem ouve as palavras escritas pelo escritor David Mour\u00e3o Ferreira para Am\u00e1lia Rodrigues na can\u00e7\u00e3o \u201cAbandono\u201d sobre os presos pol\u00edticos na cadeia de Peniche. Desta vez \u00e9 Raquel Maria, o Pr\u00e9mio Revela\u00e7\u00e3o Feminina, que carrega consigo a paix\u00e3o pelo fado por influ\u00eancia &hellip; <a href=\"https:\/\/vozoperario.pt\/jornal\/2022\/12\/05\/gala-de-fado-invade-a-voz-do-operario-pelo-sexto-ano-consecutivo\/\" class=\"more-link\">Continue reading <span class=\"screen-reader-text\">Gala de Fado &#8216;invade&#8217; A Voz do Oper\u00e1rio pelo sexto ano consecutivo<\/span><\/a><\/p>\n","protected":false},"author":153,"featured_media":6496,"comment_status":"closed","ping_status":"closed","sticky":false,"template":"","format":"standard","meta":[],"categories":[43],"tags":[],"coauthors":[89],"acf":[],"_links":{"self":[{"href":"https:\/\/vozoperario.pt\/jornal\/wp-json\/wp\/v2\/posts\/6495"}],"collection":[{"href":"https:\/\/vozoperario.pt\/jornal\/wp-json\/wp\/v2\/posts"}],"about":[{"href":"https:\/\/vozoperario.pt\/jornal\/wp-json\/wp\/v2\/types\/post"}],"author":[{"embeddable":true,"href":"https:\/\/vozoperario.pt\/jornal\/wp-json\/wp\/v2\/users\/153"}],"replies":[{"embeddable":true,"href":"https:\/\/vozoperario.pt\/jornal\/wp-json\/wp\/v2\/comments?post=6495"}],"version-history":[{"count":3,"href":"https:\/\/vozoperario.pt\/jornal\/wp-json\/wp\/v2\/posts\/6495\/revisions"}],"predecessor-version":[{"id":6769,"href":"https:\/\/vozoperario.pt\/jornal\/wp-json\/wp\/v2\/posts\/6495\/revisions\/6769"}],"wp:featuredmedia":[{"embeddable":true,"href":"https:\/\/vozoperario.pt\/jornal\/wp-json\/wp\/v2\/media\/6496"}],"wp:attachment":[{"href":"https:\/\/vozoperario.pt\/jornal\/wp-json\/wp\/v2\/media?parent=6495"}],"wp:term":[{"taxonomy":"category","embeddable":true,"href":"https:\/\/vozoperario.pt\/jornal\/wp-json\/wp\/v2\/categories?post=6495"},{"taxonomy":"post_tag","embeddable":true,"href":"https:\/\/vozoperario.pt\/jornal\/wp-json\/wp\/v2\/tags?post=6495"},{"taxonomy":"author","embeddable":true,"href":"https:\/\/vozoperario.pt\/jornal\/wp-json\/wp\/v2\/coauthors?post=6495"}],"curies":[{"name":"wp","href":"https:\/\/api.w.org\/{rel}","templated":true}]}}