{"id":6464,"date":"2022-11-16T12:23:56","date_gmt":"2022-11-16T12:23:56","guid":{"rendered":"https:\/\/vozoperario.pt\/jornal\/?p=6464"},"modified":"2022-11-16T12:23:58","modified_gmt":"2022-11-16T12:23:58","slug":"jose-saramago-um-escritor-com-o-seu-povo","status":"publish","type":"post","link":"https:\/\/vozoperario.pt\/jornal\/2022\/11\/16\/jose-saramago-um-escritor-com-o-seu-povo\/","title":{"rendered":"Jos\u00e9 Saramago,\u00a0um escritor com o seu povo"},"content":{"rendered":"\n<p>As edi\u00e7\u00f5es\u00a0<em>Avante!,\u00a0<\/em>lan\u00e7aram na recente Feira do Livro de Lisboa, o livro\u00a0<em>Saramago, um escritor com o seu povo,\u00a0<\/em>com o qual se procura, neste ano de Comemora\u00e7\u00e3o Centen\u00e1ria do grande escritor, homenagear o autor de\u00a0<em>Levantado do Ch\u00e3o,\u00a0<\/em>a partir de textos in\u00e9ditos que produziu para interven\u00e7\u00f5es no \u00e2mbito da sua milit\u00e2ncia no PCP, que reflectem e sublinham a intensa actividade pol\u00edtica de Jos\u00e9 Saramago \u00abem v\u00e1rios momentos decisivos da nossa hist\u00f3ria colectiva.\u00bb<\/p>\n\n\n\n<p>Nesta colect\u00e2nea, fundamental para se conhecer o lado activo e politicamente empenhado de um escritor de g\u00e9nio, que sempre afirmou a sua filia\u00e7\u00e3o partid\u00e1ria, declarando que se a atribui\u00e7\u00e3o do Pr\u00e9mio Nobel de Literatura o obrigasse a abandonar o seu Partido, negaria o Pr\u00e9mio, conta, para al\u00e9m dos textos interventivos de Jos\u00e9 Saramago, com textos ensa\u00edsticos e depoimentos, sobre o percurso pol\u00edtico e liter\u00e1rio de um dos maiores vultos da cultura liter\u00e1ria universal de, entre outros, Jer\u00f3nimo de Sousa, Modesto Navarro, Manuel Gusm\u00e3o, Margarida Machado, Correia da Fonseca, M\u00e1rio de Carvalho, Jos\u00e9 Manuel Mendes, Jorge Sarabando, Jorge Cordeiro, Anabela Fino, Alice Vieira, Leandro Martins, Aur\u00e9lio Santos e Domingos Lobo.&nbsp;<\/p>\n\n\n\n<p>A obra romanesca de Jos\u00e9 Saramago, a que podemos considerar dentro de um universo tem\u00e1tico que inventaria e reflecte esse estranho e equ\u00edvoco des\u00edgnio do&nbsp;<em>ser portugu\u00eas<\/em>, ou seja, da singularidade hist\u00f3rica, cultural e idiossincr\u00e1tica das gentes que, desde o s\u00e9culo XII, habitam o rect\u00e2ngulo ib\u00e9rico, que na diversidade temporal que a obra de Saramago abarca, inclui t\u00edtulos t\u00e3o diversos como&nbsp;<em>Manual de Pintura e Caligrafia<\/em>,&nbsp;<em>Levantado do Ch\u00e3o, Memorial do Convento, O Ano da Morte de Ricardo Reis, A Jangada de Pedra&nbsp;<\/em>e&nbsp;<em>Hist\u00f3ria do Cerco de Lisboa&nbsp;<\/em>e esse perturbador romance que \u00e9&nbsp;<em>A Caverna&nbsp;<\/em>&#8211; recorr\u00eancia a que Saramago s\u00f3 voltar\u00e1, com esfuziante ironia, num dos seus brilhantes t\u00edtulos finais:<em>&nbsp;A Viagem do Elefante<\/em>, ciclo que inclui&nbsp;<em>Clarab\u00f3ia,&nbsp;<\/em>esse magn\u00edfico romance p\u00f3stumo<em>.&nbsp;<\/em>Considerando-se assim, em defini\u00e7\u00e3o conjuntural, a sua obra que se prospetiva inquiridora do real e do hist\u00f3rico, textos que na sua singularidade configuram os m\u00e9todos de abordagem anal\u00edtica, de agiliza\u00e7\u00e3o lingu\u00edstica, essa perspetiva l\u00facida e assertiva sobre uma certa realidade portuguesa, que estruturam&nbsp;<em>o modo liter\u00e1rio,&nbsp;<\/em>como lhe chamou Maria Alzira Seixo, ou seja, as plurais dominantes est\u00e9ticas que configuram o discurso ficcional saramaguiano e a sua marca ontol\u00f3gica.<\/p>\n\n\n\n<p>Que faremos n\u00f3s, hoje e aqui, com esse legado \u00fanico, com esse&nbsp;<em>monumento de palavras<\/em>&nbsp;que os livros de Jos\u00e9 Saramago s\u00e3o? Este livro&nbsp;<em>Jos\u00e9 Saramago, um escritor com o seu povo,&nbsp;<\/em>ajudam-nos nessa heran\u00e7a nossa, a entender melhor os universos que nos legou.<\/p>\n\n\n\n<p><em>Saramago, um escritor com o seu povo \u2013 Edi\u00e7\u00f5es Avante!<\/em><\/p>\n","protected":false},"excerpt":{"rendered":"<p>As edi\u00e7\u00f5es\u00a0Avante!,\u00a0lan\u00e7aram na recente Feira do Livro de Lisboa, o livro\u00a0Saramago, um escritor com o seu povo,\u00a0com o qual se procura, neste ano de Comemora\u00e7\u00e3o Centen\u00e1ria do grande escritor, homenagear o autor de\u00a0Levantado do Ch\u00e3o,\u00a0a partir de textos in\u00e9ditos que produziu para interven\u00e7\u00f5es no \u00e2mbito da sua milit\u00e2ncia no PCP, que reflectem e sublinham a &hellip; <a href=\"https:\/\/vozoperario.pt\/jornal\/2022\/11\/16\/jose-saramago-um-escritor-com-o-seu-povo\/\" class=\"more-link\">Continue reading <span class=\"screen-reader-text\">Jos\u00e9 Saramago,\u00a0um escritor com o seu povo<\/span><\/a><\/p>\n","protected":false},"author":8,"featured_media":6465,"comment_status":"closed","ping_status":"closed","sticky":false,"template":"","format":"standard","meta":[],"categories":[48],"tags":[],"coauthors":[108],"acf":[],"_links":{"self":[{"href":"https:\/\/vozoperario.pt\/jornal\/wp-json\/wp\/v2\/posts\/6464"}],"collection":[{"href":"https:\/\/vozoperario.pt\/jornal\/wp-json\/wp\/v2\/posts"}],"about":[{"href":"https:\/\/vozoperario.pt\/jornal\/wp-json\/wp\/v2\/types\/post"}],"author":[{"embeddable":true,"href":"https:\/\/vozoperario.pt\/jornal\/wp-json\/wp\/v2\/users\/8"}],"replies":[{"embeddable":true,"href":"https:\/\/vozoperario.pt\/jornal\/wp-json\/wp\/v2\/comments?post=6464"}],"version-history":[{"count":2,"href":"https:\/\/vozoperario.pt\/jornal\/wp-json\/wp\/v2\/posts\/6464\/revisions"}],"predecessor-version":[{"id":6467,"href":"https:\/\/vozoperario.pt\/jornal\/wp-json\/wp\/v2\/posts\/6464\/revisions\/6467"}],"wp:featuredmedia":[{"embeddable":true,"href":"https:\/\/vozoperario.pt\/jornal\/wp-json\/wp\/v2\/media\/6465"}],"wp:attachment":[{"href":"https:\/\/vozoperario.pt\/jornal\/wp-json\/wp\/v2\/media?parent=6464"}],"wp:term":[{"taxonomy":"category","embeddable":true,"href":"https:\/\/vozoperario.pt\/jornal\/wp-json\/wp\/v2\/categories?post=6464"},{"taxonomy":"post_tag","embeddable":true,"href":"https:\/\/vozoperario.pt\/jornal\/wp-json\/wp\/v2\/tags?post=6464"},{"taxonomy":"author","embeddable":true,"href":"https:\/\/vozoperario.pt\/jornal\/wp-json\/wp\/v2\/coauthors?post=6464"}],"curies":[{"name":"wp","href":"https:\/\/api.w.org\/{rel}","templated":true}]}}