{"id":6189,"date":"2022-08-03T16:40:11","date_gmt":"2022-08-03T16:40:11","guid":{"rendered":"https:\/\/vozoperario.pt\/jornal\/?p=6189"},"modified":"2022-08-03T16:41:22","modified_gmt":"2022-08-03T16:41:22","slug":"100-anos-da-sede-da-voz-do-operario-expoente-de-patrimonio-associativo","status":"publish","type":"post","link":"https:\/\/vozoperario.pt\/jornal\/2022\/08\/03\/100-anos-da-sede-da-voz-do-operario-expoente-de-patrimonio-associativo\/","title":{"rendered":"100 anos da sede d\u2019A Voz do Oper\u00e1rio, expoente de patrim\u00f3nio associativo"},"content":{"rendered":"\n<h2 class=\"wp-block-heading\">I<\/h2>\n\n\n\n<p><br>Fala-se menos, mas existe tamb\u00e9m o patrim\u00f3nio comercial. Com edif\u00edcios que foram constru\u00eddos de raiz ou profundamente remodelados para funcionarem como espa\u00e7os comerciais. S\u00e3o exemplos, em Lisboa, os edif\u00edcios dos \u00abArmaz\u00e9ns Grandella\u00bb ou da \u00abLoja do Povo\u00bb (em Alc\u00e2ntara), entre outros.<\/p>\n\n\n\n<p>Em Coimbra, o edif\u00edcio da antiga sucursal dos \u00abArmaz\u00e9ns do Chiado\u00bb foi musealizado pelo munic\u00edpio. Defende-se o seu valor hist\u00f3rico, considerando que se tratou do&nbsp;<em>\u201cprimeiro \u201ccentro comercial\u201d da cidade\u201d e que \u201cintroduziu um novo modelo de consumo, de progresso e modernidade que ficou marcado e materializado na tipologia arquitect\u00f3nica\u201d<\/em>, segundo explica Raquel Magalh\u00e3es, da Divis\u00e3o Municipal de Museologia [na p\u00e1gina da Universidade de Coimbra).<\/p>\n\n\n\n<p>Noutra vertente de patrim\u00f3nio comercial, o Museu do Trabalho, em Set\u00fabal, recria, numa das suas exposi\u00e7\u00f5es permanentes, o cen\u00e1rio interior de uma antiga mercearia de Lisboa. Com o respectivo mobili\u00e1rio e equipamento.<\/p>\n\n\n\n<h2 class=\"wp-block-heading\">II<\/h2>\n\n\n\n<p>Pois tamb\u00e9m existe o \u00abpatrim\u00f3nio associativo\u00bb. Com ed\u00edficos constru\u00eddos de raiz ou profundamente remodelados para servir como sede de uma associa\u00e7\u00e3o, nomeadamente de cariz popular e oper\u00e1rio.<\/p>\n\n\n\n<p>Em Portugal, a sede da A Voz do Oper\u00e1rio \u00e9 um expoente deste outro tipo de patrim\u00f3nio. Est\u00e1 ali\u00e1s classificada como \u201cMonumento de Interesse P\u00fablico\u201d. O autor do seu projecto era um dos mais renomados arquitetos portugueses \u00e0 \u00e9poca: Manuel Joaquim Norte J\u00fanior (1878-1962).<\/p>\n\n\n\n<p>Logo aqui em frente, bem do outro lado da rua, est\u00e1 a sede (ainda mais antiga) da cooperativa Caixa Econ\u00f3mica Oper\u00e1ria.<\/p>\n\n\n\n<p>Na cidade de Lisboa h\u00e1 outros casos significativos. Como a Associa\u00e7\u00e3o de Socorros M\u00fatuos dos Empregados do Com\u00e9rcio e Ind\u00fastria, na Rua da Palma (tamb\u00e9m projectada por Norte J\u00fanior).<\/p>\n\n\n\n<p>Ou a Cooperativa A Padaria do Povo, no bairro de Campo de Ourique. Edif\u00edcio onde tamb\u00e9m funcionou a Universidade Popular Portuguesa.<\/p>\n\n\n\n<p>Ou a antiga \u00abTuna Comercial de Lisboa\u00bb, \u00e0 Pra\u00e7a das Flores. \u00c9 o edif\u00edcio onde depois passou a funcionar o \u00abRitz Club\u00bb mas conserva a identifica\u00e7\u00e3o original, no cimo da sua fachada.<\/p>\n\n\n\n<p>H\u00e1 que valorizar, \u201cproteger e estudar\u201d este patrim\u00f3nio.<\/p>\n\n\n\n<p><\/p>\n\n\n\n<figure class=\"wp-block-image size-full is-resized\"><img decoding=\"async\" loading=\"lazy\" src=\"https:\/\/vozoperario.pt\/jornal\/wp-content\/uploads\/2022\/08\/Norte_Junior-Vida_Artistica_23Dez1911_300cmyk.jpg\" alt=\"\" class=\"wp-image-6191\" width=\"475\" height=\"494\" srcset=\"https:\/\/vozoperario.pt\/jornal\/wp-content\/uploads\/2022\/08\/Norte_Junior-Vida_Artistica_23Dez1911_300cmyk.jpg 750w, https:\/\/vozoperario.pt\/jornal\/wp-content\/uploads\/2022\/08\/Norte_Junior-Vida_Artistica_23Dez1911_300cmyk-288x300.jpg 288w, https:\/\/vozoperario.pt\/jornal\/wp-content\/uploads\/2022\/08\/Norte_Junior-Vida_Artistica_23Dez1911_300cmyk-173x180.jpg 173w\" sizes=\"(max-width: 475px) 100vw, 475px\" \/><figcaption>O arquiteto Norte J\u00fanior, autor do projeto da sede d&#8217;A Voz do Oper\u00e1rio.<\/figcaption><\/figure>\n\n\n\n<h2 class=\"wp-block-heading\">III<\/h2>\n\n\n\n<p>O \u00faltimo dia deste ano de 2022 ser\u00e1 o centen\u00e1rio da sede da A Voz do Oper\u00e1rio.<\/p>\n\n\n\n<p>Foi inaugurada no dia 31 de Dezembro de 1922. Dos discursos ent\u00e3o proferidos, salientamos o de Jo\u00e3o Rodrigues Cass\u00e3o, oper\u00e1rio tabaqueiro e um dos mais destacados sindicalistas deste sector profissional.<\/p>\n\n\n\n<p>Segundo uma reportagem \u00e0 \u00e9poca, Rodrigues Cass\u00e3o tra\u00e7ou&nbsp;<em>\u201ca hist\u00f3ria da Voz do Oper\u00e1rio, descrevendo o seu in\u00edcio, as fases da sua evolu\u00e7\u00e3o, a grandiosidade da obra realizada, os intuitos e os sacrif\u00edcios de que ela nasceu e que a fizeram frutificar, tornando-a um maravilhoso exemplo do que pode a vontade perseverante ao servi\u00e7o de um ideal de solidariedade e de bondade\u201d<\/em>.<\/p>\n\n\n\n<p>Outro orador, J\u00fadice Biker,&nbsp;<em>\u201cocupando-se do sentido doutrin\u00e1rio daquela obra, disse que ela teve o seu germen nas teorias de Karl Marx, que Jos\u00e9 Fontana trouxe a Portugal e que um grupo de manipuladores de tabaco transformou em realiza\u00e7\u00e3o pr\u00e1tica\u201d<\/em>.<\/p>\n\n\n\n<p>Nesse dia de inaugura\u00e7\u00e3o,&nbsp;<em>\u201cos visitantes, acompanhados pela dire\u00e7\u00e3o da Sociedade, percorreram as depend\u00eancias do edif\u00edcio, o qual se encontrava todo embandeirado\u201d<\/em>. Houve uma sess\u00e3o solene, que j\u00e1 se realizou no&nbsp;<em>\u201csal\u00e3o principal, vasto compartimento, podendo abrigar alguns milhares de pessoas, e que se encontrava art\u00edsticamente ornamentado, tendo ao topo um estrado armado para a mesa e oradores\u201d<\/em>. Participaram&nbsp;<em>\u201calunos dos col\u00e9gios da Voz do Oper\u00e1rio, muitos convidados e a Tuna Recreativa Tondelense, que abrilhantou a festa, enchendo o restante espa\u00e7o uma enorme quantidade de povo\u201d<\/em>.<\/p>\n\n\n\n<p>A mesma reportagem descreveu que&nbsp;<em>\u201ca magestosa constru\u00e7\u00e3o, embora ainda incompleta\u201d,<\/em>&nbsp;apresentava j\u00e1&nbsp;<em>\u201cum aspecto imponente, obedecendo o seu plano a um crit\u00e9rio moderno, de est\u00e9tica e de utilidade, o que foi reconhecido com louvor por todos os presentes\u201d<\/em>&nbsp;[<em>O S\u00e9culo<\/em>, 01\/01\/1923, p.2].<\/p>\n\n\n\n<p>Outro jornal da \u00e9poca, anunciava que&nbsp;<em>\u201cno novo edif\u00edcio passam j\u00e1 a funcionar as escolas privativas da Sociedade, sendo as salas a esse fim destinadas, amplas, cheias de luz\u201d<\/em>&nbsp;[<em>A Capital<\/em>, 30.12.1922, p.2].<\/p>\n","protected":false},"excerpt":{"rendered":"<p>\u201cA preocupa\u00e7\u00e3o de proteger e estudar o patrim\u00f3nio industrial \u00e9 muito recente\u201d, diz o Minist\u00e9rio da Cultura. Mas apresenta j\u00e1 uma rota nacional com 23 locais.<\/p>\n","protected":false},"author":153,"featured_media":6190,"comment_status":"closed","ping_status":"closed","sticky":false,"template":"","format":"standard","meta":[],"categories":[43],"tags":[],"coauthors":[89],"acf":[],"_links":{"self":[{"href":"https:\/\/vozoperario.pt\/jornal\/wp-json\/wp\/v2\/posts\/6189"}],"collection":[{"href":"https:\/\/vozoperario.pt\/jornal\/wp-json\/wp\/v2\/posts"}],"about":[{"href":"https:\/\/vozoperario.pt\/jornal\/wp-json\/wp\/v2\/types\/post"}],"author":[{"embeddable":true,"href":"https:\/\/vozoperario.pt\/jornal\/wp-json\/wp\/v2\/users\/153"}],"replies":[{"embeddable":true,"href":"https:\/\/vozoperario.pt\/jornal\/wp-json\/wp\/v2\/comments?post=6189"}],"version-history":[{"count":5,"href":"https:\/\/vozoperario.pt\/jornal\/wp-json\/wp\/v2\/posts\/6189\/revisions"}],"predecessor-version":[{"id":6196,"href":"https:\/\/vozoperario.pt\/jornal\/wp-json\/wp\/v2\/posts\/6189\/revisions\/6196"}],"wp:featuredmedia":[{"embeddable":true,"href":"https:\/\/vozoperario.pt\/jornal\/wp-json\/wp\/v2\/media\/6190"}],"wp:attachment":[{"href":"https:\/\/vozoperario.pt\/jornal\/wp-json\/wp\/v2\/media?parent=6189"}],"wp:term":[{"taxonomy":"category","embeddable":true,"href":"https:\/\/vozoperario.pt\/jornal\/wp-json\/wp\/v2\/categories?post=6189"},{"taxonomy":"post_tag","embeddable":true,"href":"https:\/\/vozoperario.pt\/jornal\/wp-json\/wp\/v2\/tags?post=6189"},{"taxonomy":"author","embeddable":true,"href":"https:\/\/vozoperario.pt\/jornal\/wp-json\/wp\/v2\/coauthors?post=6189"}],"curies":[{"name":"wp","href":"https:\/\/api.w.org\/{rel}","templated":true}]}}