{"id":5933,"date":"2022-06-07T10:40:20","date_gmt":"2022-06-07T10:40:20","guid":{"rendered":"https:\/\/vozoperario.pt\/jornal\/?p=5933"},"modified":"2022-06-23T16:21:05","modified_gmt":"2022-06-23T16:21:05","slug":"ha-uma-alegria-e-esperanca-no-ar","status":"publish","type":"post","link":"https:\/\/vozoperario.pt\/jornal\/2022\/06\/07\/ha-uma-alegria-e-esperanca-no-ar\/","title":{"rendered":"\u201cH\u00e1 uma alegria e esperan\u00e7a no ar\u201d"},"content":{"rendered":"\n<p class=\"pergunta\">Ambos s\u00e3o actores. Em que momento sentem que est\u00e1 a vossa carreira?<\/p>\n\n\n\n<p><\/p>\n\n\n\n<p><strong>Ricardo Raposo<\/strong>&nbsp;&#8211; Neste momento espec\u00edfico, estou numa fase bastante singular. Tive a minha participa\u00e7\u00e3o numa novela, que \u00e9 alvo de bastante audi\u00eancia, pelo que sinto um grande reconhecimento e apre\u00e7o na rua diariamente, e essa \u00e9 a melhor retribui\u00e7\u00e3o que se pode ter nesta profiss\u00e3o.<\/p>\n\n\n\n<p><strong>Cec\u00edlia Henriques<\/strong>&nbsp;&#8211; Por mais que sinta que j\u00e1 tenho uma carreira segura e por trabalhar em televis\u00e3o, consigo ter uma vida financeira est\u00e1vel. Ser artista em Portugal traz uma precariedade imensa associada. A cultura precisa de mais garantias e mais esfor\u00e7o por parte dos nossos governos.<\/p>\n\n\n\n<p class=\"pergunta\">Quando \u00e9 que conheceram A Voz do Oper\u00e1rio?<\/p>\n\n\n\n<p><strong>RR<\/strong>&nbsp;&#8211; Eu j\u00e1 conhe\u00e7o h\u00e1 bastante tempo o projeto, a institui\u00e7\u00e3o e os moldes, mas desde que fui obrigado a procurar escolas para os meus filhos aprofundei o conhecimento pelo MEM (Movimento da Escola Moderna) que \u00e9 o praticado desde a creche e \u00e9 como faz sentido os meninos serem acompanhados.<\/p>\n\n\n\n<p><strong>CH<\/strong>&nbsp;&#8211;&nbsp;Conheci a Voz porque tenho muitos amigos que t\u00eam aqui os filhos. Ouvi falar maravilhas do m\u00e9todo de ensino e quis logo p\u00f4r a minha Celeste aqui. A ideia de comunidade e de partilha social \u00e9 muito importante para mim e quero passar isso para a minha filha. Tenho um grande carinho por todas as educadoras e auxiliares. S\u00e3o incr\u00edveis!<\/p>\n\n\n\n<p class=\"pergunta\">O que significa para voc\u00eas serem padrinhos da marcha infantil A Voz do Oper\u00e1rio?<\/p>\n\n\n\n<p><strong>RR<\/strong>&nbsp;&#8211; \u00c9 uma honra, por ter filhos a frequentar e por ser uma institui\u00e7\u00e3o com o relevo que tem. Al\u00e9m de ter a certeza que vou comer boas sardinhas.<\/p>\n\n\n\n<p><strong>CH<\/strong>&nbsp;&#8211; Adoro os Santos populares. Acho que fazem parte da nossa cultura popular e fico muito contente que os pequeninos tenham vontade de fazer parte dela. Que nunca se esque\u00e7a da hist\u00f3ria, \u00e9 muito importante. E fico muito feliz por saber que eles se divertem em continuar com esta tradi\u00e7\u00e3o t\u00e3o bonita.<\/p>\n\n\n\n<p class=\"pergunta\">Acham que vai ser um ano especial depois de dois anos sem Festas de Lisboa?<\/p>\n\n\n\n<p><strong>CH<\/strong>&nbsp;&#8211; As festas de Lisboa s\u00e3o estruturantes para a vida de alguns bairros, como a Mouraria, onde vivo, por exemplo. Sentia uma grande tristeza nas pessoas dos bairros por estarem h\u00e1 tanto tempo sem festas. H\u00e1 bairros que s\u00e3o financeiramente dependentes destas festas. Por isso, h\u00e1 uma alegria e uma esperan\u00e7a no ar. Ainda que muito tenha de ser feito para suprimir esta aus\u00eancia de dois anos. Os bairros deviam ser das pessoas que l\u00e1 vivem. E cada vez menos pessoas tem condi\u00e7\u00f5es para viver em Lisboa. Se as rendas continuarem assim, as pessoas v\u00e3o todas sair daqui e esta hist\u00f3ria vai-se perder em contos. Fico muito triste com isso.<\/p>\n\n\n\n<p><strong>RR<\/strong>&nbsp;&#8211; Vai ter uma energia triplicada. As pessoas sentiram-se muito privadas de socializar e de se divertir nestes tempos negros.<\/p>\n\n\n\n<p class=\"pergunta\">\u00c9 a vossa primeira vez nas Marchas?<\/p>\n\n\n\n<p class=\"pergunta\">V\u00e3o estar nervosos?<\/p>\n\n\n\n<p><strong>RR<\/strong>&nbsp;&#8211; \u00c9 a primeira, se bem que na minha inf\u00e2ncia acompanhei muitos anos os meus pais, enquanto padrinhos da Marcha da Penha de Fran\u00e7a. Acima de tudo, \u00e9 uma festa que me deixa muito alegre, \u00e9 muito portuguesa e as boas tradi\u00e7\u00f5es devem ser passadas, ainda por cima na Marcha Infantil, n\u00e3o havendo concorr\u00eancia, n\u00e3o h\u00e1 sequer risco de perdermos, \u00e9 s\u00f3 pura divers\u00e3o.<\/p>\n\n\n\n<p><strong>CH<\/strong>&nbsp;&#8211; \u00c9 a primeira vez, sim! N\u00e3o estou nervosa. Estou contente e feliz pelas Festas de Lisboa, pelas fam\u00edlias dos bairros e pelas crian\u00e7as.<\/p>\n","protected":false},"excerpt":{"rendered":"<p>V\u00e3o ser o padrinho e a madrinha da Marcha Infantil A Voz do Oper\u00e1rio. Filho de Maria Jo\u00e3o Abreu e Jos\u00e9 Raposo, o ator Ricardo Raposo, com 29 anos, tinha apenas seis meses quando participou na telenovela \u201cCinzas\u201d e, agora, aparece nos ecr\u00e3s em \u201cAmor, Amor\u201d. Como muitos outros pais, escolheu A Voz do Oper\u00e1rio para os seus filhos. Tamb\u00e9m Cec\u00edlia Henriques tomou esta op\u00e7\u00e3o. Esta atriz de 32 anos j\u00e1 participou em v\u00e1rias s\u00e9ries e filmes e vai desfilar ao lado de Ricardo Raposo nas Marchas Populares.<\/p>\n","protected":false},"author":5,"featured_media":5936,"comment_status":"closed","ping_status":"closed","sticky":false,"template":"","format":"standard","meta":[],"categories":[44],"tags":[],"coauthors":[71],"acf":[],"_links":{"self":[{"href":"https:\/\/vozoperario.pt\/jornal\/wp-json\/wp\/v2\/posts\/5933"}],"collection":[{"href":"https:\/\/vozoperario.pt\/jornal\/wp-json\/wp\/v2\/posts"}],"about":[{"href":"https:\/\/vozoperario.pt\/jornal\/wp-json\/wp\/v2\/types\/post"}],"author":[{"embeddable":true,"href":"https:\/\/vozoperario.pt\/jornal\/wp-json\/wp\/v2\/users\/5"}],"replies":[{"embeddable":true,"href":"https:\/\/vozoperario.pt\/jornal\/wp-json\/wp\/v2\/comments?post=5933"}],"version-history":[{"count":3,"href":"https:\/\/vozoperario.pt\/jornal\/wp-json\/wp\/v2\/posts\/5933\/revisions"}],"predecessor-version":[{"id":6019,"href":"https:\/\/vozoperario.pt\/jornal\/wp-json\/wp\/v2\/posts\/5933\/revisions\/6019"}],"wp:featuredmedia":[{"embeddable":true,"href":"https:\/\/vozoperario.pt\/jornal\/wp-json\/wp\/v2\/media\/5936"}],"wp:attachment":[{"href":"https:\/\/vozoperario.pt\/jornal\/wp-json\/wp\/v2\/media?parent=5933"}],"wp:term":[{"taxonomy":"category","embeddable":true,"href":"https:\/\/vozoperario.pt\/jornal\/wp-json\/wp\/v2\/categories?post=5933"},{"taxonomy":"post_tag","embeddable":true,"href":"https:\/\/vozoperario.pt\/jornal\/wp-json\/wp\/v2\/tags?post=5933"},{"taxonomy":"author","embeddable":true,"href":"https:\/\/vozoperario.pt\/jornal\/wp-json\/wp\/v2\/coauthors?post=5933"}],"curies":[{"name":"wp","href":"https:\/\/api.w.org\/{rel}","templated":true}]}}