{"id":5855,"date":"2022-04-06T15:27:05","date_gmt":"2022-04-06T15:27:05","guid":{"rendered":"https:\/\/vozoperario.pt\/jornal\/?p=5855"},"modified":"2022-04-06T15:29:59","modified_gmt":"2022-04-06T15:29:59","slug":"o-25-de-abril-a-constituicao-da-republica-portuguesa-e-a-luta-pela-paz","status":"publish","type":"post","link":"https:\/\/vozoperario.pt\/jornal\/2022\/04\/06\/o-25-de-abril-a-constituicao-da-republica-portuguesa-e-a-luta-pela-paz\/","title":{"rendered":"O 25 de Abril, a Constitui\u00e7\u00e3o da Republica Portuguesa e a luta pela Paz"},"content":{"rendered":"\n<p>Celebramos este m\u00eas o 48\u00ba anivers\u00e1rio do 25 de Abril, a revolu\u00e7\u00e3o dos cravos proporcionada pela heroica a\u00e7\u00e3o do Movimento das For\u00e7as Armadas (MFA) e pelo imenso envolvimento popular, que derrubou a ditadura fascista, restituiu ao povo portugu\u00eas a democracia e a liberdade e apontou os caminhos do progresso e do desenvolvimento.<\/p>\n\n\n\n<p>A comemora\u00e7\u00e3o do 25 de Abril n\u00e3o \u00e9 apenas a evoca\u00e7\u00e3o daqueles que o sonharam e concretizaram, mesmo com o sacrif\u00edcio da pr\u00f3pria vida, \u00e9 igualmente a necessidade de transmitir a sua import\u00e2ncia a todos aqueles que por serem mais jovens n\u00e3o a viveram mas dela desfrutam, em liberdade e pleno uso dos seus direitos, mostrando-lhes que a defesa do 25 de Abril \u00e9 indissoci\u00e1vel da luta por uma vida melhor numa sociedade mais justa. <\/p>\n\n\n\n<p>S\u00e3o 48 anos de liberdade, de democracia, de esperan\u00e7a e de defesa intransigente dos valores de Abril, 48 anos com o significado de assim se ultrapassar o tempo vivido na longa noite fascista. <\/p>\n\n\n\n<p>Sim, porque importa n\u00e3o esquecer que a Revolu\u00e7\u00e3o do 25 de Abril culminou uma prolongada e heroica luta, pondo termo a 48 anos de fascismo e proporcionando o fim de um tempo de obscurantismo, opress\u00e3o, esmagamento da liberdade, limita\u00e7\u00e3o dos direitos fundamentais, marginaliza\u00e7\u00e3o dos trabalhadores e do povo da vida pol\u00edtica, subordina\u00e7\u00e3o do Pa\u00eds e do povo aos interesses dos monop\u00f3lios e do imperialismo. <\/p>\n\n\n\n<p>A comemora\u00e7\u00e3o do 48\u00ba anivers\u00e1rio da Revolu\u00e7\u00e3o de Abril, constitui um importante momento de afirma\u00e7\u00e3o da luta dos trabalhadores e do povo portugu\u00eas, pela liberdade e a democracia e de exig\u00eancia de uma pol\u00edtica e de um rumo que responda aos problemas do Pa\u00eds e \u00e0s aspira\u00e7\u00f5es do povo portugu\u00eas. <\/p>\n\n\n\n<p>A afirma\u00e7\u00e3o do que a Revolu\u00e7\u00e3o de Abril representou enquanto processo de transforma\u00e7\u00e3o social assume uma particular import\u00e2ncia para a resposta aos problemas atuais. Este m\u00eas comemoramos igualmente o 46\u00ba anivers\u00e1rio da aprova\u00e7\u00e3o da Constitui\u00e7\u00e3o da Rep\u00fablica Portuguesa, que consagra tudo aquilo que a Revolu\u00e7\u00e3o de Abril significou para o povo portugu\u00eas e para o pa\u00eds em termos de liberdade, democracia e esperan\u00e7a num futuro melhor, pilar determinante do regime democr\u00e1tico nascido da Revolu\u00e7\u00e3o, sendo o garante dos direitos e liberdades e um instrumento para a transforma\u00e7\u00e3o da sociedade, que d\u00e1 enorme relevo aos direitos fundamentais dos trabalhadores e dos cidad\u00e3os, aos princ\u00edpios de igualdade efetiva, participa\u00e7\u00e3o e interven\u00e7\u00e3o, constituindo um ideal de sociedade \u00e0 medida do processo revolucion\u00e1rio que lhe esteve na origem. <\/p>\n\n\n\n<p>A nossa Constitui\u00e7\u00e3o, pelo seu conte\u00fado progressista, continua a ser o principal garante da democracia e da liberdade, consagrando o direito ao servi\u00e7o p\u00fablico, designadamente \u00e0 seguran\u00e7a social, \u00e0 sa\u00fade e \u00e0 educa\u00e7\u00e3o, o direito ao trabalho e \u00e0 habita\u00e7\u00e3o, raz\u00e3o porque importa defende-la dos ataques da direita e do grande capital. <\/p>\n\n\n\n<p>O caminho da Paz \u00e9 um dos aspetos bem vincados na nossa Constitui\u00e7\u00e3o, que no n\u00ba 2 do seu Artigo 7\u00ba estabelece: <em>\u201cPortugal preconiza a aboli\u00e7\u00e3o do imperialismo, do colonialismo e de quaisquer outras formas de agress\u00e3o, dom\u00ednio e explora\u00e7\u00e3o nas rela\u00e7\u00f5es entre os povos, bem como o desarmamento geral, simult\u00e2neo e controlado, a dissolu\u00e7\u00e3o dos blocos pol\u00edtico-militares e o estabelecimento de um sistema de seguran\u00e7a coletiva, com vista \u00e0 cria\u00e7\u00e3o de uma ordem internacional capaz de assegurar a paz e a justi\u00e7a nas rela\u00e7\u00f5es entre os povos\u201d<\/em>.<\/p>\n\n\n\n<p>E esse caminho de paz \u00e9 a \u00fanica solu\u00e7\u00e3o contra a guerra na Ucr\u00e2nia, a qual n\u00e3o serve os interesses do povo ucraniano, nem do povo russo, e ter\u00e1 repercuss\u00f5es igualmente muito negativas nos restantes povos da Europa, mas serve os interesses dos EUA e do seu complexo militar-industrial que j\u00e1 est\u00e3o a lucrar \u00e0 custa do neg\u00f3cio da guerra, bem como \u00e0 custa da imposi\u00e7\u00e3o de san\u00e7\u00f5es cujos custos v\u00e3o sobrecarregar os trabalhadores e os povos, v\u00e3o atacar direitos e as suas condi\u00e7\u00f5es de vida, ao mesmo tempo que proporcionar\u00e3o um ainda maior recurso aos produtos norte-americanos promovendo fabulosos lucros para os seus grupos econ\u00f3micos e financeiros. <\/p>\n\n\n\n<p>Vamos comemorar o 25 de Abril e o 1\u00ba de Maio, defendendo a Revolu\u00e7\u00e3o e os seus valores consagrados na Constitui\u00e7\u00e3o da Rep\u00fablica Portuguesa, afirmando os direitos dos trabalhadores e a exig\u00eancia de um Portugal desenvolvido e soberano, num mundo de paz, coopera\u00e7\u00e3o e amizade entre os povos.<\/p>\n","protected":false},"excerpt":{"rendered":"<p>Celebramos este m\u00eas o 48\u00ba anivers\u00e1rio do 25 de Abril, a revolu\u00e7\u00e3o dos cravos proporcionada pela heroica a\u00e7\u00e3o do Movimento das For\u00e7as Armadas (MFA) e pelo imenso envolvimento popular, que derrubou a ditadura fascista, restituiu ao povo portugu\u00eas a democracia e a liberdade e apontou os caminhos do progresso e do desenvolvimento. A comemora\u00e7\u00e3o do &hellip; <a href=\"https:\/\/vozoperario.pt\/jornal\/2022\/04\/06\/o-25-de-abril-a-constituicao-da-republica-portuguesa-e-a-luta-pela-paz\/\" class=\"more-link\">Continue reading <span class=\"screen-reader-text\">O 25 de Abril, a Constitui\u00e7\u00e3o da Republica Portuguesa e a luta pela Paz<\/span><\/a><\/p>\n","protected":false},"author":10,"featured_media":68,"comment_status":"closed","ping_status":"closed","sticky":false,"template":"","format":"standard","meta":[],"categories":[52],"tags":[],"coauthors":[84],"acf":[],"_links":{"self":[{"href":"https:\/\/vozoperario.pt\/jornal\/wp-json\/wp\/v2\/posts\/5855"}],"collection":[{"href":"https:\/\/vozoperario.pt\/jornal\/wp-json\/wp\/v2\/posts"}],"about":[{"href":"https:\/\/vozoperario.pt\/jornal\/wp-json\/wp\/v2\/types\/post"}],"author":[{"embeddable":true,"href":"https:\/\/vozoperario.pt\/jornal\/wp-json\/wp\/v2\/users\/10"}],"replies":[{"embeddable":true,"href":"https:\/\/vozoperario.pt\/jornal\/wp-json\/wp\/v2\/comments?post=5855"}],"version-history":[{"count":3,"href":"https:\/\/vozoperario.pt\/jornal\/wp-json\/wp\/v2\/posts\/5855\/revisions"}],"predecessor-version":[{"id":5861,"href":"https:\/\/vozoperario.pt\/jornal\/wp-json\/wp\/v2\/posts\/5855\/revisions\/5861"}],"wp:featuredmedia":[{"embeddable":true,"href":"https:\/\/vozoperario.pt\/jornal\/wp-json\/wp\/v2\/media\/68"}],"wp:attachment":[{"href":"https:\/\/vozoperario.pt\/jornal\/wp-json\/wp\/v2\/media?parent=5855"}],"wp:term":[{"taxonomy":"category","embeddable":true,"href":"https:\/\/vozoperario.pt\/jornal\/wp-json\/wp\/v2\/categories?post=5855"},{"taxonomy":"post_tag","embeddable":true,"href":"https:\/\/vozoperario.pt\/jornal\/wp-json\/wp\/v2\/tags?post=5855"},{"taxonomy":"author","embeddable":true,"href":"https:\/\/vozoperario.pt\/jornal\/wp-json\/wp\/v2\/coauthors?post=5855"}],"curies":[{"name":"wp","href":"https:\/\/api.w.org\/{rel}","templated":true}]}}