{"id":5819,"date":"2022-04-06T13:26:28","date_gmt":"2022-04-06T13:26:28","guid":{"rendered":"https:\/\/vozoperario.pt\/jornal\/?p=5819"},"modified":"2022-04-06T13:26:30","modified_gmt":"2022-04-06T13:26:30","slug":"correr-pela-liberdade","status":"publish","type":"post","link":"https:\/\/vozoperario.pt\/jornal\/2022\/04\/06\/correr-pela-liberdade\/","title":{"rendered":"Correr pela liberdade"},"content":{"rendered":"\n<p>O ponto de chegada vai ser a Pra\u00e7a dos Restauradores, para onde milhares de corredores v\u00e3o convergir a partir de diferentes percursos. A pr\u00e1tica desportiva e o associativismo foram tamb\u00e9m conquistas importantes do processo revolucion\u00e1rio e esta prova est\u00e1 a cargo da Federa\u00e7\u00e3o das Coletividades de Cultura Recreio e Desporto do Distrito de Lisboa, da Associa\u00e7\u00e3o das Coletividades do Concelho de Lisboa (ACCL), da Associa\u00e7\u00e3o 25 de Abril, com o apoio da autarquia. A prova \u00e9 aberta a toda a popula\u00e7\u00e3o, incluindo aos praticantes de desporto adaptado, e conta com tr\u00eas provas de atletismo \u2013 de 11000 metros, 5000 metros e 1000 metros \u2013 e ainda uma caminhada. Os percursos, dispersos pela \u00e1rea geogr\u00e1fica da cidade, v\u00e3o permitir colorir as ruas da cidade. As inscri\u00e7\u00f5es decorrem at\u00e9 ao pr\u00f3ximo dia 18 de abril na p\u00e1gina da ACCL, onde tamb\u00e9m se encontra o regulamento da prova.<\/p>\n","protected":false},"excerpt":{"rendered":"<p>\u00c9 j\u00e1 no dia 25 de Abril que a Corrida da Liberdade volta \u00e0s ruas de Lisboa para celebrar os 48 anos da revolu\u00e7\u00e3o.<\/p>\n","protected":false},"author":153,"featured_media":5820,"comment_status":"closed","ping_status":"closed","sticky":false,"template":"","format":"standard","meta":[],"categories":[1],"tags":[],"coauthors":[89],"acf":[],"_links":{"self":[{"href":"https:\/\/vozoperario.pt\/jornal\/wp-json\/wp\/v2\/posts\/5819"}],"collection":[{"href":"https:\/\/vozoperario.pt\/jornal\/wp-json\/wp\/v2\/posts"}],"about":[{"href":"https:\/\/vozoperario.pt\/jornal\/wp-json\/wp\/v2\/types\/post"}],"author":[{"embeddable":true,"href":"https:\/\/vozoperario.pt\/jornal\/wp-json\/wp\/v2\/users\/153"}],"replies":[{"embeddable":true,"href":"https:\/\/vozoperario.pt\/jornal\/wp-json\/wp\/v2\/comments?post=5819"}],"version-history":[{"count":2,"href":"https:\/\/vozoperario.pt\/jornal\/wp-json\/wp\/v2\/posts\/5819\/revisions"}],"predecessor-version":[{"id":5822,"href":"https:\/\/vozoperario.pt\/jornal\/wp-json\/wp\/v2\/posts\/5819\/revisions\/5822"}],"wp:featuredmedia":[{"embeddable":true,"href":"https:\/\/vozoperario.pt\/jornal\/wp-json\/wp\/v2\/media\/5820"}],"wp:attachment":[{"href":"https:\/\/vozoperario.pt\/jornal\/wp-json\/wp\/v2\/media?parent=5819"}],"wp:term":[{"taxonomy":"category","embeddable":true,"href":"https:\/\/vozoperario.pt\/jornal\/wp-json\/wp\/v2\/categories?post=5819"},{"taxonomy":"post_tag","embeddable":true,"href":"https:\/\/vozoperario.pt\/jornal\/wp-json\/wp\/v2\/tags?post=5819"},{"taxonomy":"author","embeddable":true,"href":"https:\/\/vozoperario.pt\/jornal\/wp-json\/wp\/v2\/coauthors?post=5819"}],"curies":[{"name":"wp","href":"https:\/\/api.w.org\/{rel}","templated":true}]}}