{"id":5702,"date":"2022-03-20T21:33:55","date_gmt":"2022-03-20T21:33:55","guid":{"rendered":"https:\/\/vozoperario.pt\/jornal\/?p=5702"},"modified":"2022-03-20T21:33:56","modified_gmt":"2022-03-20T21:33:56","slug":"trabalhadores-da-izidoro-em-greve","status":"publish","type":"post","link":"https:\/\/vozoperario.pt\/jornal\/2022\/03\/20\/trabalhadores-da-izidoro-em-greve\/","title":{"rendered":"Trabalhadores da Izidoro em greve"},"content":{"rendered":"\n<p>Os trabalhadores da empresa Izidoro, do Grupo Montalva, cumpriram um dia de greve no primeiro dia de mar\u00e7o e juntaram-se numa concentra\u00e7\u00e3o em frente \u00e0s instala\u00e7\u00f5es no Montijo. Reivindicam aumentos salariais, o direito ao gozo do feriado de Carnaval, aumento dos subs\u00eddios de alimenta\u00e7\u00e3o, o contrato coletivo de trabalho, o fim dos processos disciplinares com intuito de despedimento f\u00e1cil e sem custos e a apresenta\u00e7\u00e3o do caderno reivindicativo para 2022.<\/p>\n\n\n\n<p>O processo de luta foi desencadeado pelos trabalhadores atrav\u00e9s do Sindicato Nacional da Ind\u00fastria Alimentar, que denunciou press\u00f5es e amea\u00e7as aos trabalhadores antes da paralisa\u00e7\u00e3o. Na jornada de luta esteve presente a secret\u00e1ria-geral da CGTP-IN, Isabel Carapinha, e a deputada do PCP \u00e0 Assembleia da Rep\u00fablica, Paula Santos.<\/p>\n\n\n\n<p>Durante a greve, os trabalhadores discutiram e aprovaram a entrega de uma mo\u00e7\u00e3o \u00e0 empresa, que recusou receber o documento presencialmente com um pedido de reuni\u00e3o ainda para este m\u00eas.<\/p>\n","protected":false},"excerpt":{"rendered":"<p>Os trabalhadores da empresa Izidoro, do Grupo Montalva, cumpriram um dia de greve no primeiro dia de mar\u00e7o e juntaram-se numa concentra\u00e7\u00e3o em frente \u00e0s instala\u00e7\u00f5es no Montijo. Reivindicam aumentos salariais, o direito ao gozo do feriado de Carnaval, aumento dos subs\u00eddios de alimenta\u00e7\u00e3o, o contrato coletivo de trabalho, o fim dos processos disciplinares com &hellip; <a href=\"https:\/\/vozoperario.pt\/jornal\/2022\/03\/20\/trabalhadores-da-izidoro-em-greve\/\" class=\"more-link\">Continue reading <span class=\"screen-reader-text\">Trabalhadores da Izidoro em greve<\/span><\/a><\/p>\n","protected":false},"author":153,"featured_media":5703,"comment_status":"closed","ping_status":"closed","sticky":false,"template":"","format":"standard","meta":[],"categories":[50],"tags":[],"coauthors":[89],"acf":[],"_links":{"self":[{"href":"https:\/\/vozoperario.pt\/jornal\/wp-json\/wp\/v2\/posts\/5702"}],"collection":[{"href":"https:\/\/vozoperario.pt\/jornal\/wp-json\/wp\/v2\/posts"}],"about":[{"href":"https:\/\/vozoperario.pt\/jornal\/wp-json\/wp\/v2\/types\/post"}],"author":[{"embeddable":true,"href":"https:\/\/vozoperario.pt\/jornal\/wp-json\/wp\/v2\/users\/153"}],"replies":[{"embeddable":true,"href":"https:\/\/vozoperario.pt\/jornal\/wp-json\/wp\/v2\/comments?post=5702"}],"version-history":[{"count":2,"href":"https:\/\/vozoperario.pt\/jornal\/wp-json\/wp\/v2\/posts\/5702\/revisions"}],"predecessor-version":[{"id":5705,"href":"https:\/\/vozoperario.pt\/jornal\/wp-json\/wp\/v2\/posts\/5702\/revisions\/5705"}],"wp:featuredmedia":[{"embeddable":true,"href":"https:\/\/vozoperario.pt\/jornal\/wp-json\/wp\/v2\/media\/5703"}],"wp:attachment":[{"href":"https:\/\/vozoperario.pt\/jornal\/wp-json\/wp\/v2\/media?parent=5702"}],"wp:term":[{"taxonomy":"category","embeddable":true,"href":"https:\/\/vozoperario.pt\/jornal\/wp-json\/wp\/v2\/categories?post=5702"},{"taxonomy":"post_tag","embeddable":true,"href":"https:\/\/vozoperario.pt\/jornal\/wp-json\/wp\/v2\/tags?post=5702"},{"taxonomy":"author","embeddable":true,"href":"https:\/\/vozoperario.pt\/jornal\/wp-json\/wp\/v2\/coauthors?post=5702"}],"curies":[{"name":"wp","href":"https:\/\/api.w.org\/{rel}","templated":true}]}}