{"id":5507,"date":"2022-02-03T23:11:41","date_gmt":"2022-02-03T23:11:41","guid":{"rendered":"https:\/\/vozoperario.pt\/jornal\/?p=5507"},"modified":"2022-02-03T23:11:43","modified_gmt":"2022-02-03T23:11:43","slug":"confianca-na-luta","status":"publish","type":"post","link":"https:\/\/vozoperario.pt\/jornal\/2022\/02\/03\/confianca-na-luta\/","title":{"rendered":"Confian\u00e7a na luta"},"content":{"rendered":"\n<p>A maioria absoluta do PS e a perda de for\u00e7a parlamentar dos partidos \u00e0 sua esquerda \u00e9 um sinal negativo para os trabalhadores e as popula\u00e7\u00f5es. De m\u00e3os livres para governar como bem entender, \u00e9 bom lembrar que o PS sempre governou \u00e0 direita, mesmo em minoria, procurando acordos com o PSD ou o CDS-PP. Os \u00faltimos seis anos foram uma exce\u00e7\u00e3o porque esta pol\u00edtica de direita se viu condicionada pelos partidos de esquerda. N\u00e3o menos negativo \u00e9 o crescimento de for\u00e7as reacion\u00e1rias como a Iniciativa Liberal e o Chega. A decomposi\u00e7\u00e3o do PSD e do CDS-PP abriu o arm\u00e1rio a posi\u00e7\u00f5es bafientas e perigosas que merecem todo o nosso combate.<\/p>\n\n\n\n<p>Em contexto eleitoral, os mecanismos anti-democr\u00e1ticos s\u00e3o cada vez mais sofisticados. Durante a campanha, a Comiss\u00e3o Nacional de Elei\u00e7\u00f5es e a Entidade Reguladora da Comunica\u00e7\u00e3o permitiram que os candidatos do PS e do PSD pudessem debater nos canais em sinal aberto, com mais audi\u00eancia, e que os restantes partidos ficassem relegados aos canais fechados como se de um campeonato menor se tratasse. Num modelo que patrocina o bipartidarismo vigente, as televis\u00f5es, r\u00e1dios e jornais raramente s\u00e3o confrontadas pelas entidades que fiscalizam as elei\u00e7\u00f5es e a comunica\u00e7\u00e3o social. Da mesma forma, os grupos medi\u00e1ticos veiculam sondagens que mais do que retratar o sentido de voto condicionam as escolhas eleitorais. Parece n\u00e3o haver grandes d\u00favidas de que as empresas de estudos de opini\u00e3o s\u00e3o o grande vencedor da noite das elei\u00e7\u00f5es. Apesar de terem falhado em toda a linha, agitaram o fantasma da direita coligada com as for\u00e7as mais reacion\u00e1rias garantindo ao PS uma maioria absoluta.&nbsp;<\/p>\n\n\n\n<p>Quem parece satisfeito com o novo quadro parlamentar \u00e9 o porta-voz dos patr\u00f5es, Ant\u00f3nio Saraiva, que j\u00e1 veio saudar esta oportunidade para impor um novo ciclo econ\u00f3mico distanciado da esquerda e dos trabalhadores. Tamb\u00e9m a ag\u00eancia norte-americana de nota\u00e7\u00e3o financeira Fitch veio saudar a vit\u00f3ria folgada de Costa como um resultado \u201cpositivo\u201d que torna \u201caltamente improv\u00e1vel\u201d medidas defendidas por comunistas e bloquistas no pr\u00f3ximo or\u00e7amento.<\/p>\n\n\n\n<p>Da parte da CGTP-IN, a mensagem \u00e9 clara. \u00c9 nos locais de trabalho e nas ruas que se constr\u00f3i a resist\u00eancia e a luta por um pa\u00eds que valorize e dignifique os trabalhadores. Essa ser\u00e1 certamente a melhor barreira contra as pol\u00edticas de direita e as for\u00e7as reacion\u00e1rias.<\/p>\n","protected":false},"excerpt":{"rendered":"<p>A maioria absoluta do PS e a perda de for\u00e7a parlamentar dos partidos \u00e0 sua esquerda \u00e9 um sinal negativo para os trabalhadores e as popula\u00e7\u00f5es. De m\u00e3os livres para governar como bem entender, \u00e9 bom lembrar que o PS sempre governou \u00e0 direita, mesmo em minoria, procurando acordos com o PSD ou o CDS-PP. &hellip; <a href=\"https:\/\/vozoperario.pt\/jornal\/2022\/02\/03\/confianca-na-luta\/\" class=\"more-link\">Continue reading <span class=\"screen-reader-text\">Confian\u00e7a na luta<\/span><\/a><\/p>\n","protected":false},"author":153,"featured_media":4545,"comment_status":"closed","ping_status":"closed","sticky":false,"template":"","format":"standard","meta":[],"categories":[37],"tags":[],"coauthors":[89],"acf":[],"_links":{"self":[{"href":"https:\/\/vozoperario.pt\/jornal\/wp-json\/wp\/v2\/posts\/5507"}],"collection":[{"href":"https:\/\/vozoperario.pt\/jornal\/wp-json\/wp\/v2\/posts"}],"about":[{"href":"https:\/\/vozoperario.pt\/jornal\/wp-json\/wp\/v2\/types\/post"}],"author":[{"embeddable":true,"href":"https:\/\/vozoperario.pt\/jornal\/wp-json\/wp\/v2\/users\/153"}],"replies":[{"embeddable":true,"href":"https:\/\/vozoperario.pt\/jornal\/wp-json\/wp\/v2\/comments?post=5507"}],"version-history":[{"count":2,"href":"https:\/\/vozoperario.pt\/jornal\/wp-json\/wp\/v2\/posts\/5507\/revisions"}],"predecessor-version":[{"id":5509,"href":"https:\/\/vozoperario.pt\/jornal\/wp-json\/wp\/v2\/posts\/5507\/revisions\/5509"}],"wp:featuredmedia":[{"embeddable":true,"href":"https:\/\/vozoperario.pt\/jornal\/wp-json\/wp\/v2\/media\/4545"}],"wp:attachment":[{"href":"https:\/\/vozoperario.pt\/jornal\/wp-json\/wp\/v2\/media?parent=5507"}],"wp:term":[{"taxonomy":"category","embeddable":true,"href":"https:\/\/vozoperario.pt\/jornal\/wp-json\/wp\/v2\/categories?post=5507"},{"taxonomy":"post_tag","embeddable":true,"href":"https:\/\/vozoperario.pt\/jornal\/wp-json\/wp\/v2\/tags?post=5507"},{"taxonomy":"author","embeddable":true,"href":"https:\/\/vozoperario.pt\/jornal\/wp-json\/wp\/v2\/coauthors?post=5507"}],"curies":[{"name":"wp","href":"https:\/\/api.w.org\/{rel}","templated":true}]}}