{"id":5442,"date":"2022-01-09T20:26:51","date_gmt":"2022-01-09T20:26:51","guid":{"rendered":"https:\/\/vozoperario.pt\/jornal\/?p=5442"},"modified":"2022-01-09T20:26:52","modified_gmt":"2022-01-09T20:26:52","slug":"trabalhadores-da-amarsul-em-greve-exigem-direitos","status":"publish","type":"post","link":"https:\/\/vozoperario.pt\/jornal\/2022\/01\/09\/trabalhadores-da-amarsul-em-greve-exigem-direitos\/","title":{"rendered":"Trabalhadores da Amarsul em greve exigem direitos"},"content":{"rendered":"\n<p>Os trabalhadores da empresa de limpeza de res\u00edduos urbanos Amarsul cumpriram, em dezembro, cinco dias de greve e realizaram um plen\u00e1rio com a aprova\u00e7\u00e3o de uma resolu\u00e7\u00e3o, entregue \u00e0 administra\u00e7\u00e3o desta empresa do Grupo Mota-Engil. Atrav\u00e9s do Sindicato dos Trabalhadores da Administra\u00e7\u00e3o Local, os trabalhadores exigem uma resposta da Amarsul ao caderno reivindicativo apresentado. Aumento imediato de sal\u00e1rios, do subs\u00eddio de refei\u00e7\u00e3o e transporte, para fazer face ao poder de compra perdido nos \u00faltimos anos, assim como a atribui\u00e7\u00e3o de um subs\u00eddio de risco extraordin\u00e1rio, no quadro do surto epid\u00e9mico do novo coronav\u00edrus, s\u00e3o algumas das exig\u00eancias. Os trabalhadores reivindicam ainda o fim dos v\u00ednculos prec\u00e1rios e o respeito integral pelo Acordo de Empresa existente na Amarsul.<\/p>\n\n\n\n<p>O n\u00famero de mesas de voto antecipado vai passar para o dobro em resposta ao aumento de casos de covid-19 depois do aparecimento da variante Omicron. Contudo, o secret\u00e1rio de Estado diz que \u201cn\u00e3o pode fazer nada\u201d pelos eleitores que estiverem em isolamento entre 24 e 30 de janeiro.<\/p>\n\n\n\n<p>Segundo uma nota do governo, v\u00e3o ser constitu\u00eddas 1303 mesas de voto antecipado em mobilidade, \u201cou seja, mais 628 mesas que as constitu\u00eddas para as presidenciais de 2021, onde foram constitu\u00eddas 675 mesas de voto antecipado\u201d.<\/p>\n\n\n\n<p>Quando questionado sobre as solu\u00e7\u00f5es previstas pelo executivo caso milhares de eleitores fiquem isolados depois de findo o voto antecipado, Antero Lu\u00eds afirmou que o governo \u201cn\u00e3o pode fazer nada\u201d. Para o secret\u00e1rio de Estado, \u201csempre foi assim\u201d e n\u00e3o h\u00e1 volta a dar. \u201cEu n\u00e3o sei onde \u00e9 que est\u00e1 a novidade, \u00e9 que no passado tamb\u00e9m n\u00e3o teve\u201d, acrescentou.<\/p>\n\n\n\n<p>O membro do governo referiu que n\u00e3o se sabe qual vai ser o ponto da situa\u00e7\u00e3o no dia das elei\u00e7\u00f5es, chamando a aten\u00e7\u00e3o para a \u201cexperi\u00eancia de outros pa\u00edses onde os picos j\u00e1 passaram\u201d. \u201cEsse contexto \u00e9 incontrol\u00e1vel do ponto de vista da log\u00edstica. O que n\u00f3s cumprimos \u00e9 efetivamente o que est\u00e1 na lei\u201d, justificou.<\/p>\n\n\n\n<p>Sobre se a possibilidade de centenas de milhares de eleitores poderem ficar sem poder exercer o direito ao voto e isso condicionar o resultado eleitoral, Antero Lu\u00eds questionou: \u201cpor que \u00e9 que haveria de condicionar?\u201d.<\/p>\n","protected":false},"excerpt":{"rendered":"<p>Os trabalhadores da empresa de limpeza de res\u00edduos urbanos Amarsul cumpriram, em dezembro, cinco dias de greve e realizaram um plen\u00e1rio com a aprova\u00e7\u00e3o de uma resolu\u00e7\u00e3o, entregue \u00e0 administra\u00e7\u00e3o desta empresa do Grupo Mota-Engil. Atrav\u00e9s do Sindicato dos Trabalhadores da Administra\u00e7\u00e3o Local, os trabalhadores exigem uma resposta da Amarsul ao caderno reivindicativo apresentado. Aumento &hellip; <a href=\"https:\/\/vozoperario.pt\/jornal\/2022\/01\/09\/trabalhadores-da-amarsul-em-greve-exigem-direitos\/\" class=\"more-link\">Continue reading <span class=\"screen-reader-text\">Trabalhadores da Amarsul em greve exigem direitos<\/span><\/a><\/p>\n","protected":false},"author":153,"featured_media":5443,"comment_status":"closed","ping_status":"closed","sticky":false,"template":"","format":"standard","meta":[],"categories":[50],"tags":[],"coauthors":[89],"acf":[],"_links":{"self":[{"href":"https:\/\/vozoperario.pt\/jornal\/wp-json\/wp\/v2\/posts\/5442"}],"collection":[{"href":"https:\/\/vozoperario.pt\/jornal\/wp-json\/wp\/v2\/posts"}],"about":[{"href":"https:\/\/vozoperario.pt\/jornal\/wp-json\/wp\/v2\/types\/post"}],"author":[{"embeddable":true,"href":"https:\/\/vozoperario.pt\/jornal\/wp-json\/wp\/v2\/users\/153"}],"replies":[{"embeddable":true,"href":"https:\/\/vozoperario.pt\/jornal\/wp-json\/wp\/v2\/comments?post=5442"}],"version-history":[{"count":2,"href":"https:\/\/vozoperario.pt\/jornal\/wp-json\/wp\/v2\/posts\/5442\/revisions"}],"predecessor-version":[{"id":5445,"href":"https:\/\/vozoperario.pt\/jornal\/wp-json\/wp\/v2\/posts\/5442\/revisions\/5445"}],"wp:featuredmedia":[{"embeddable":true,"href":"https:\/\/vozoperario.pt\/jornal\/wp-json\/wp\/v2\/media\/5443"}],"wp:attachment":[{"href":"https:\/\/vozoperario.pt\/jornal\/wp-json\/wp\/v2\/media?parent=5442"}],"wp:term":[{"taxonomy":"category","embeddable":true,"href":"https:\/\/vozoperario.pt\/jornal\/wp-json\/wp\/v2\/categories?post=5442"},{"taxonomy":"post_tag","embeddable":true,"href":"https:\/\/vozoperario.pt\/jornal\/wp-json\/wp\/v2\/tags?post=5442"},{"taxonomy":"author","embeddable":true,"href":"https:\/\/vozoperario.pt\/jornal\/wp-json\/wp\/v2\/coauthors?post=5442"}],"curies":[{"name":"wp","href":"https:\/\/api.w.org\/{rel}","templated":true}]}}