{"id":5433,"date":"2022-01-09T20:21:50","date_gmt":"2022-01-09T20:21:50","guid":{"rendered":"https:\/\/vozoperario.pt\/jornal\/?p=5433"},"modified":"2022-01-09T20:23:29","modified_gmt":"2022-01-09T20:23:29","slug":"camara-vai-transformar-patrimonio-da-cidade-em-alojamento-local","status":"publish","type":"post","link":"https:\/\/vozoperario.pt\/jornal\/2022\/01\/09\/camara-vai-transformar-patrimonio-da-cidade-em-alojamento-local\/","title":{"rendered":"C\u00e2mara vai transformar patrim\u00f3nio da cidade em Alojamento Local"},"content":{"rendered":"\n<p>PS viabilizou v\u00e1rias propostas do executivo PSD\/CDS-PP de Carlos Moedas, que autorizam o registo em Alojamento Local de 19 frac\u00e7\u00f5es habitacionais na freguesia de S\u00e3o Vicente.<\/p>\n\n\n\n<p>Os vereadores do PCP denunciaram a medida aprovada em reuni\u00e3o extraordin\u00e1ria de c\u00e2mara com os votos favor\u00e1veis do PS, PSD e CDS-PP e a oposi\u00e7\u00e3o do PCP, BE e da vereadora independente eleita nas listas do PS, Paula Marques.&nbsp;<\/p>\n\n\n\n<p>Segundo o comunicado do gabinete comunista na autarquia, as habita\u00e7\u00f5es est\u00e3o situadas em S\u00e3o Vicente, zona classificada como sendo \u201cde conten\u00e7\u00e3o relativa\u201d, tal como est\u00e1 estipulado no Regulamento Municipal de Alojamento Local. De acordo com o PCP, as propostas do PSD\/CDS-PP t\u00eam como \u201cagravante\u201d o facto de todas as referidas frac\u00e7\u00f5es, sem exce\u00e7\u00e3o, integrarem a lista do patrim\u00f3nio imobili\u00e1rio municipal, \u201ctendo sido alienados num anterior mandato pela gest\u00e3o PS ao abrigo do programa Reabilita Primeiro Paga Depois\u201d.<\/p>\n\n\n\n<p>Para os comunistas, \u201ca situa\u00e7\u00e3o de profunda crise habitacional em que milhares de fam\u00edlias t\u00eam vindo a ser expulsas da cidade por agravamento de condi\u00e7\u00f5es de acesso \u00e0 habita\u00e7\u00e3o\u201d, vai piorar quando o patrim\u00f3nio imobili\u00e1rio municipal \u201c\u00e9 desviado da fun\u00e7\u00e3o habitacional para Alojamento Local, acentuando a din\u00e2mica especulativa respons\u00e1vel pela subida dos pre\u00e7os e pondo em causa o direito \u00e0 habita\u00e7\u00e3o\u201d.<\/p>\n","protected":false},"excerpt":{"rendered":"<p>PS viabilizou v\u00e1rias propostas do executivo PSD\/CDS-PP de Carlos Moedas, que autorizam o registo em Alojamento Local de 19 frac\u00e7\u00f5es habitacionais na freguesia de S\u00e3o Vicente. Os vereadores do PCP denunciaram a medida aprovada em reuni\u00e3o extraordin\u00e1ria de c\u00e2mara com os votos favor\u00e1veis do PS, PSD e CDS-PP e a oposi\u00e7\u00e3o do PCP, BE e &hellip; <a href=\"https:\/\/vozoperario.pt\/jornal\/2022\/01\/09\/camara-vai-transformar-patrimonio-da-cidade-em-alojamento-local\/\" class=\"more-link\">Continue reading <span class=\"screen-reader-text\">C\u00e2mara vai transformar patrim\u00f3nio da cidade em Alojamento Local<\/span><\/a><\/p>\n","protected":false},"author":153,"featured_media":5437,"comment_status":"closed","ping_status":"closed","sticky":false,"template":"","format":"standard","meta":[],"categories":[50],"tags":[],"coauthors":[89],"acf":[],"_links":{"self":[{"href":"https:\/\/vozoperario.pt\/jornal\/wp-json\/wp\/v2\/posts\/5433"}],"collection":[{"href":"https:\/\/vozoperario.pt\/jornal\/wp-json\/wp\/v2\/posts"}],"about":[{"href":"https:\/\/vozoperario.pt\/jornal\/wp-json\/wp\/v2\/types\/post"}],"author":[{"embeddable":true,"href":"https:\/\/vozoperario.pt\/jornal\/wp-json\/wp\/v2\/users\/153"}],"replies":[{"embeddable":true,"href":"https:\/\/vozoperario.pt\/jornal\/wp-json\/wp\/v2\/comments?post=5433"}],"version-history":[{"count":3,"href":"https:\/\/vozoperario.pt\/jornal\/wp-json\/wp\/v2\/posts\/5433\/revisions"}],"predecessor-version":[{"id":5438,"href":"https:\/\/vozoperario.pt\/jornal\/wp-json\/wp\/v2\/posts\/5433\/revisions\/5438"}],"wp:featuredmedia":[{"embeddable":true,"href":"https:\/\/vozoperario.pt\/jornal\/wp-json\/wp\/v2\/media\/5437"}],"wp:attachment":[{"href":"https:\/\/vozoperario.pt\/jornal\/wp-json\/wp\/v2\/media?parent=5433"}],"wp:term":[{"taxonomy":"category","embeddable":true,"href":"https:\/\/vozoperario.pt\/jornal\/wp-json\/wp\/v2\/categories?post=5433"},{"taxonomy":"post_tag","embeddable":true,"href":"https:\/\/vozoperario.pt\/jornal\/wp-json\/wp\/v2\/tags?post=5433"},{"taxonomy":"author","embeddable":true,"href":"https:\/\/vozoperario.pt\/jornal\/wp-json\/wp\/v2\/coauthors?post=5433"}],"curies":[{"name":"wp","href":"https:\/\/api.w.org\/{rel}","templated":true}]}}