{"id":5390,"date":"2022-01-07T21:33:57","date_gmt":"2022-01-07T21:33:57","guid":{"rendered":"https:\/\/vozoperario.pt\/jornal\/?p=5390"},"modified":"2022-01-07T21:33:58","modified_gmt":"2022-01-07T21:33:58","slug":"trabalhadores-da-voz-do-operario-celebram-natal","status":"publish","type":"post","link":"https:\/\/vozoperario.pt\/jornal\/2022\/01\/07\/trabalhadores-da-voz-do-operario-celebram-natal\/","title":{"rendered":"Trabalhadores d&#8217;A Voz do Oper\u00e1rio celebram Natal"},"content":{"rendered":"\n<p>O sal\u00e3o de festas d\u2019A Voz do Oper\u00e1rio voltou a ser palco do j\u00e1 tradicional jantar de Natal dos trabalhadores, onde houve lugar at\u00e9 para um concurso do melhor bolo, de entre os muitos trazidos pelos participantes.<\/p>\n\n\n\n<p>O calor da \u00e9poca voltou a juntar trabalhadores, volunt\u00e1rios e dirigentes d\u2019A Voz do Oper\u00e1rio dos diferentes espa\u00e7os e setores. Um conv\u00edvio pr\u00e9vio na sala associativa aqueceu o ambiente com um beberete mas o jantar preparado por volunt\u00e1rios foi a estrela da noite com uma \u00e1rvore de Natal no centro das aten\u00e7\u00f5es. De seguida, Manuel Figueiredo e V\u00edtor Agostinho, respetivamente, presidente e vice-presidente da institui\u00e7\u00e3o, falaram aos trabalhadores e agradeceram o esfor\u00e7o e o empenho de todos aqueles que fazem com que A Voz do Oper\u00e1rio funcione todos os dias, junto com os associados, nas suas diferentes val\u00eancias e que d\u00e3o prest\u00edgio a este hist\u00f3rico nome do movimento associativo. A seguir ao jantar, V\u00edtor Agostinho fez quest\u00e3o de fazer subir ao palco e de apresentar v\u00e1rios dos novos trabalhadores da institui\u00e7\u00e3o.<\/p>\n\n\n\n<p>A noite acabou com um divertido concurso para escolher o melhor bolo trazido para a festa que teve um representante de cada setor como elemento do juri. De seguida, inevitavelmente, todos provaram os diferentes exemplares. Mas ainda houve lugar para uns passos de dan\u00e7a para desfecho de mais uma noite de Natal n\u2019A Voz do Oper\u00e1rio.<\/p>\n","protected":false},"excerpt":{"rendered":"<p>O sal\u00e3o de festas d\u2019A Voz do Oper\u00e1rio voltou a ser palco do j\u00e1 tradicional jantar de Natal dos trabalhadores, onde houve lugar at\u00e9 para um concurso do melhor bolo, de entre os muitos trazidos pelos participantes. O calor da \u00e9poca voltou a juntar trabalhadores, volunt\u00e1rios e dirigentes d\u2019A Voz do Oper\u00e1rio dos diferentes espa\u00e7os &hellip; <a href=\"https:\/\/vozoperario.pt\/jornal\/2022\/01\/07\/trabalhadores-da-voz-do-operario-celebram-natal\/\" class=\"more-link\">Continue reading <span class=\"screen-reader-text\">Trabalhadores d&#8217;A Voz do Oper\u00e1rio celebram Natal<\/span><\/a><\/p>\n","protected":false},"author":153,"featured_media":5391,"comment_status":"closed","ping_status":"closed","sticky":false,"template":"","format":"standard","meta":[],"categories":[43],"tags":[],"coauthors":[89],"acf":[],"_links":{"self":[{"href":"https:\/\/vozoperario.pt\/jornal\/wp-json\/wp\/v2\/posts\/5390"}],"collection":[{"href":"https:\/\/vozoperario.pt\/jornal\/wp-json\/wp\/v2\/posts"}],"about":[{"href":"https:\/\/vozoperario.pt\/jornal\/wp-json\/wp\/v2\/types\/post"}],"author":[{"embeddable":true,"href":"https:\/\/vozoperario.pt\/jornal\/wp-json\/wp\/v2\/users\/153"}],"replies":[{"embeddable":true,"href":"https:\/\/vozoperario.pt\/jornal\/wp-json\/wp\/v2\/comments?post=5390"}],"version-history":[{"count":2,"href":"https:\/\/vozoperario.pt\/jornal\/wp-json\/wp\/v2\/posts\/5390\/revisions"}],"predecessor-version":[{"id":5393,"href":"https:\/\/vozoperario.pt\/jornal\/wp-json\/wp\/v2\/posts\/5390\/revisions\/5393"}],"wp:featuredmedia":[{"embeddable":true,"href":"https:\/\/vozoperario.pt\/jornal\/wp-json\/wp\/v2\/media\/5391"}],"wp:attachment":[{"href":"https:\/\/vozoperario.pt\/jornal\/wp-json\/wp\/v2\/media?parent=5390"}],"wp:term":[{"taxonomy":"category","embeddable":true,"href":"https:\/\/vozoperario.pt\/jornal\/wp-json\/wp\/v2\/categories?post=5390"},{"taxonomy":"post_tag","embeddable":true,"href":"https:\/\/vozoperario.pt\/jornal\/wp-json\/wp\/v2\/tags?post=5390"},{"taxonomy":"author","embeddable":true,"href":"https:\/\/vozoperario.pt\/jornal\/wp-json\/wp\/v2\/coauthors?post=5390"}],"curies":[{"name":"wp","href":"https:\/\/api.w.org\/{rel}","templated":true}]}}