{"id":5319,"date":"2021-12-06T15:35:45","date_gmt":"2021-12-06T15:35:45","guid":{"rendered":"https:\/\/vozoperario.pt\/jornal\/?p=5319"},"modified":"2022-01-09T20:53:42","modified_gmt":"2022-01-09T20:53:42","slug":"a-pide-assassinou-dias-coelho-ha-60-anos","status":"publish","type":"post","link":"https:\/\/vozoperario.pt\/jornal\/2021\/12\/06\/a-pide-assassinou-dias-coelho-ha-60-anos\/","title":{"rendered":"A PIDE assassinou Dias Coelho h\u00e1 60 anos"},"content":{"rendered":"\n<p>Assinala-se no pr\u00f3ximo dia 19 de dezembro o 60.\u00ba anivers\u00e1rio do assassinato de Jos\u00e9 Dias Coelho, militante e funcion\u00e1rio do PCP na clandestinidade. Foi ao princ\u00edpio da noite na Rua dos Lus\u00edadas que cinco agentes da PIDE sa\u00eddos de uma viatura o perseguiram e alvejaram. Um dos tiros foi \u00e0 queima-roupa, no peito, e outro quando Dias Coelho estava j\u00e1 no ch\u00e3o. S\u00f3 duas horas depois \u00e9 que os agentes fascistas o levaram, \u00e0 beira da morte, para o Hospital da CUF.<\/p>\n\n\n\n<p>Tornara-se funcion\u00e1rio do PCP em 1955. Trocou uma promissora carreira art\u00edstica pela dedica\u00e7\u00e3o total \u00e0 causa da luta antifascista e do socialismo. A sua tarefa era a de montar uma oficina de falsifica\u00e7\u00e3o de documentos, bilhetes de identidade, licen\u00e7as de bicicleta, cartas de condu\u00e7\u00e3o, passaportes para a defesa dos militantes clandestinos no trabalho de organiza\u00e7\u00e3o e nas rela\u00e7\u00f5es internacionais dos comunistas. Em 1960, Jos\u00e9 Dias Coelho passou a integrar a dire\u00e7\u00e3o do PCP em Lisboa, com a responsabilidade do setor intelectual.<\/p>\n\n\n\n<p>\u201cDe todas as sementes deitadas \u00e0 terra, \u00e9 o sangue derramado pelos m\u00e1rtires que faz levantar as mais copiosas searas\u201d, esta foi a legenda da sua \u00faltima gravura dedicada ao oper\u00e1rio C\u00e2ndido Martins Capil\u00e9 assassinado numa manifesta\u00e7\u00e3o popular. Hoje, esta frase encontra-se inscrita no mesmo lugar onde Jos\u00e9 Dias Coelho foi assassinado em 1961. \u00c9 tamb\u00e9m neste lugar que no dia 19 de dezembro o PCP realiza um ato de homenagem depois de uma iniciativa evocativa de Jos\u00e9 Dias Coelho na antiga escola Marqu\u00eas de Pombal, atual gin\u00e1sio do IEFP, na Rua dos Lus\u00edadas, \u00e0s 15h.<\/p>\n","protected":false},"excerpt":{"rendered":"<p>Assinala-se no pr\u00f3ximo dia 19 de dezembro o 60.\u00ba anivers\u00e1rio do assassinato de Jos\u00e9 Dias Coelho, militante e funcion\u00e1rio do PCP na clandestinidade. Foi ao princ\u00edpio da noite na Rua dos Lus\u00edadas que cinco agentes da PIDE sa\u00eddos de uma viatura o perseguiram e alvejaram. Um dos tiros foi \u00e0 queima-roupa, no peito, e outro &hellip; <a href=\"https:\/\/vozoperario.pt\/jornal\/2021\/12\/06\/a-pide-assassinou-dias-coelho-ha-60-anos\/\" class=\"more-link\">Continue reading <span class=\"screen-reader-text\">A PIDE assassinou Dias Coelho h\u00e1 60 anos<\/span><\/a><\/p>\n","protected":false},"author":153,"featured_media":5320,"comment_status":"closed","ping_status":"closed","sticky":false,"template":"","format":"standard","meta":[],"categories":[54],"tags":[],"coauthors":[89],"acf":[],"_links":{"self":[{"href":"https:\/\/vozoperario.pt\/jornal\/wp-json\/wp\/v2\/posts\/5319"}],"collection":[{"href":"https:\/\/vozoperario.pt\/jornal\/wp-json\/wp\/v2\/posts"}],"about":[{"href":"https:\/\/vozoperario.pt\/jornal\/wp-json\/wp\/v2\/types\/post"}],"author":[{"embeddable":true,"href":"https:\/\/vozoperario.pt\/jornal\/wp-json\/wp\/v2\/users\/153"}],"replies":[{"embeddable":true,"href":"https:\/\/vozoperario.pt\/jornal\/wp-json\/wp\/v2\/comments?post=5319"}],"version-history":[{"count":7,"href":"https:\/\/vozoperario.pt\/jornal\/wp-json\/wp\/v2\/posts\/5319\/revisions"}],"predecessor-version":[{"id":5491,"href":"https:\/\/vozoperario.pt\/jornal\/wp-json\/wp\/v2\/posts\/5319\/revisions\/5491"}],"wp:featuredmedia":[{"embeddable":true,"href":"https:\/\/vozoperario.pt\/jornal\/wp-json\/wp\/v2\/media\/5320"}],"wp:attachment":[{"href":"https:\/\/vozoperario.pt\/jornal\/wp-json\/wp\/v2\/media?parent=5319"}],"wp:term":[{"taxonomy":"category","embeddable":true,"href":"https:\/\/vozoperario.pt\/jornal\/wp-json\/wp\/v2\/categories?post=5319"},{"taxonomy":"post_tag","embeddable":true,"href":"https:\/\/vozoperario.pt\/jornal\/wp-json\/wp\/v2\/tags?post=5319"},{"taxonomy":"author","embeddable":true,"href":"https:\/\/vozoperario.pt\/jornal\/wp-json\/wp\/v2\/coauthors?post=5319"}],"curies":[{"name":"wp","href":"https:\/\/api.w.org\/{rel}","templated":true}]}}