{"id":5019,"date":"2021-09-07T14:19:28","date_gmt":"2021-09-07T14:19:28","guid":{"rendered":"https:\/\/vozoperario.pt\/jornal\/?p=5019"},"modified":"2021-09-14T11:43:27","modified_gmt":"2021-09-14T11:43:27","slug":"tres-livros-de-alexandre-hoffmann-castela","status":"publish","type":"post","link":"https:\/\/vozoperario.pt\/jornal\/2021\/09\/07\/tres-livros-de-alexandre-hoffmann-castela\/","title":{"rendered":"Tr\u00eas livros de Alexandre Hoffmann Castela"},"content":{"rendered":"\n<p>Este autor jovem e j\u00e1 t\u00e3o experiente e capaz vive em Lamego. \u00c9 autarca eleito na Assembleia Municipal da cidade e \u00e9 um homem de esquerda que escreve como trabalha, com compet\u00eancia, entrega e confian\u00e7a determinada. <\/p>\n\n\n\n<p>Permitam-me que fa\u00e7a uma s\u00edntese do seu primeiro livro \u2013&nbsp;<em>A Apari\u00e7\u00e3o Segundo a Mem\u00f3ria<\/em>&nbsp;\u2013 feliz descoberta de ser Deus, e n\u00e3o a Virgem Maria, que aparece aos pastorinhos em F\u00e1tima. Ficamos apanhados nesse enredo extraordin\u00e1rio que nos traz muita paz perante uma situa\u00e7\u00e3o nova e, apesar de tudo, mais estimulante.&nbsp;<\/p>\n\n\n\n<p>Afinal, a preocupa\u00e7\u00e3o de Deus era aquele mortic\u00ednio na grande guerra de 1914-1918. Quanto aos chamados segredos de F\u00e1tima, a igreja cat\u00f3lica estava centrada no medo e no ataque \u00e0 revolu\u00e7\u00e3o na R\u00fassia e n\u00e3o em defender os portugueses que morriam em Fran\u00e7a.&nbsp;<\/p>\n\n\n\n<p>Ent\u00e3o, Deus escolhe Portugal e F\u00e1tima para deixar as suas mensagens de paz e conc\u00f3rdia entre os humanos, num esfor\u00e7o bem-intencionado e enternecedor.&nbsp;<\/p>\n\n\n\n<p>Mas at\u00e9 Deus acaba por desistir, ano ap\u00f3s ano, sem conseguir dar paz ao mundo e impressionado pela segunda guerra mundial que se preparava e outros desastres que viriam a acontecer.&nbsp;<\/p>\n\n\n\n<p>Simpatizei tanto com este Deus sofredor e de boa-f\u00e9 que quase desejei voltar \u00e0 religi\u00e3o t\u00e3o maltratada e objecto de aliena\u00e7\u00e3o entre os pobres de esp\u00edrito e os ricos em dinheiro e arrog\u00e2ncia.&nbsp;<br><\/p>\n\n\n\n<h2 class=\"wp-block-heading\">Quanto ao segundo livro\u00a0\u2013 O Quadro Vermelho de Jeric\u00f3<\/h2>\n\n\n\n<p>Em 1969 e depois, conheci cat\u00f3licos chamados ent\u00e3o de progressistas. Por exemplo Sophia de Melo Breyner e o Arquitecto Nuno Teot\u00f3nio Pereira. Alguns deles tinham tanta raiva ao fascismo que se tornavam excessivos e negativos em extremo no combate ao regime fascista e a Salazar. Outros eram contra a guerra colonial e lutaram ao nosso lado, nomeadamente desde 1969 e na CDE.&nbsp;<\/p>\n\n\n\n<p>Recordo por exemplo o Padre Alberto da capela do Rato e Felicidade Alves, padre em Bel\u00e9m e na Bas\u00edlica. O excesso nos mais violentos tamb\u00e9m tinha express\u00e3o no prazer da comida e de outras aventuras, com um gosto de viver que excedia a raz\u00e3o e est\u00e1 tamb\u00e9m muito expresso no livro \u201cDirecta\u201d, de Nuno Bragan\u00e7a, exactamente esse, da Casa de Bragan\u00e7a e dos duques eternamente \u00e0 espera de serem reis.&nbsp;<br><\/p>\n\n\n\n<h2 class=\"wp-block-heading\">Finalmente o terceiro livro&nbsp;\u2013 As Ra\u00edzes de Inge<\/h2>\n\n\n\n<p>Aqui \u00e9 que a exig\u00eancia do autor face aos leitores se acentua e desdobra. Um desafio e tanto, para quem n\u00e3o quer literatura de cordel, ao metro ou ao quil\u00f3metro. Disso andam por a\u00ed muitos t\u00edtulos e livros, n\u00e3o ao Deus dar\u00e1, mas ao engano dos pobres de esp\u00edrito.&nbsp;<\/p>\n\n\n\n<p>\u00c9 um livro de luta pela paz num pa\u00eds l\u00e1 para o norte da Europa, mas tamb\u00e9m poderia situar-se aqui. Os viquingues e outros seres violentos chegaram a Portugal e, de que modo, \u00e0 regi\u00e3o de Braga. Inge \u00e9 uma vila pequena onde existe uma mulher chamada Lucr\u00e9cia. Corajosa, avan\u00e7ada e solid\u00e1ria. \u201cSou precip\u00edcio de ti\u201d, diz ela, quando encontra o homem da sua vida.&nbsp;<\/p>\n\n\n\n<p>O livro \u00e9 de resist\u00eancia \u00e0 guerra, ao esbulho das riquezas criadas pelo povo trabalhador, \u00e0 ocupa\u00e7\u00e3o do pa\u00eds pelos b\u00e1rbaros. Mas, sobretudo, traz consigo essa ambi\u00e7\u00e3o enorme de ter paz e alegria de viver.&nbsp;<\/p>\n\n\n\n<p>\u00c9 uma obra maior, este livro de Alexandre Hoffmann Castela. Exigente e, de certo modo, contra o consumo de telenovelas e dos livros que n\u00e3o o s\u00e3o. Um texto soberbo e desafiante, pela amizade e pelo prazer de viver em liberdade. Mostrando que, \u00e0s vezes, \u00e9 preciso ir \u00e0 guerra contra a guerra, para conquistarmos a independ\u00eancia e a identidade que nos eleva para a vida.&nbsp;<\/p>\n\n\n\n<p>Outros livros de Alexandre Hoffmann Castela vir\u00e3o. Mas, agora, vamos ao trabalho e ao prazer de estimular mais leituras destes livros.&nbsp;<\/p>\n\n\n\n<p>Quero falar-vos brevemente da destreza criativa, da diversidade de abordagens, de uma escrita que nos surpreende, desafia e enleia. Alexandre Hoffmann Castela constr\u00f3i hist\u00f3rias e romances, cria personagens e situa\u00e7\u00f5es com a maleabilidade e a intelig\u00eancia que nos surpreendem e nos fazem crer que aqui est\u00e1 um escritor determinado e exigente no melhor sentido, que saudamos ao lermos os seus livros. Ficamos com a certeza de que h\u00e1 a recusa \u00e0 facilidade e \u00e0 aliena\u00e7\u00e3o t\u00e3o desejadas por poderes, editoras e \u00f3rg\u00e3os de comunica\u00e7\u00e3o que jogam exactamente nisso, no esvaziamento do humano, do gosto de viver em liberdade e na exig\u00eancia fundamental para n\u00e3o morrermos est\u00fapidos como eles querem.&nbsp;<\/p>\n\n\n\n<p>N\u00e3o vai ser f\u00e1cil, para o Alexandre, como escritor livre e exigente que \u00e9. Mas, livro a livro, teremos surpresas e outras realidades e sonhos, outras vidas obscuras e lutadoras pela afirma\u00e7\u00e3o do que nos comove e engrandece.&nbsp;<\/p>\n\n\n\n<p>Onde nos encontrarmos, sairemos melhores e renovados da sua escrita, da sua aposta no trazer o que \u00e9 novo e nos ilumina. Por isso podemos afirmar que este homem, este escritor, vai continuar a escrever e a lutar pelo que \u00e9 importante e decisivo no ser humano \u2013 o crescimento e a ultrapassagem do que nos atinge e fragiliza, do que nos esmaga em montanhas de mentiras, de destrui\u00e7\u00e3o do gosto de viver e de amar o futuro.&nbsp;<\/p>\n\n\n\n<p>Parab\u00e9ns ao Alexandre Hoffmann Castela e parab\u00e9ns a quem o ler para melhor intervir na defesa da paz, do pa\u00eds que \u00e9 necess\u00e1rio construir, na democracia e na liberdade que se tornam cada vez mais realidades a estimar e a defender.<\/p>\n","protected":false},"excerpt":{"rendered":"<p>Este autor jovem e j\u00e1 t\u00e3o experiente e capaz vive em Lamego. \u00c9 autarca eleito na Assembleia Municipal da cidade e \u00e9 um homem de esquerda que escreve como trabalha, com compet\u00eancia, entrega e confian\u00e7a determinada. Permitam-me que fa\u00e7a uma s\u00edntese do seu primeiro livro \u2013&nbsp;A Apari\u00e7\u00e3o Segundo a Mem\u00f3ria&nbsp;\u2013 feliz descoberta de ser Deus, &hellip; <a href=\"https:\/\/vozoperario.pt\/jornal\/2021\/09\/07\/tres-livros-de-alexandre-hoffmann-castela\/\" class=\"more-link\">Continue reading <span class=\"screen-reader-text\">Tr\u00eas livros de Alexandre Hoffmann Castela<\/span><\/a><\/p>\n","protected":false},"author":71,"featured_media":5020,"comment_status":"closed","ping_status":"closed","sticky":false,"template":"","format":"standard","meta":[],"categories":[48],"tags":[],"coauthors":[167],"acf":[],"_links":{"self":[{"href":"https:\/\/vozoperario.pt\/jornal\/wp-json\/wp\/v2\/posts\/5019"}],"collection":[{"href":"https:\/\/vozoperario.pt\/jornal\/wp-json\/wp\/v2\/posts"}],"about":[{"href":"https:\/\/vozoperario.pt\/jornal\/wp-json\/wp\/v2\/types\/post"}],"author":[{"embeddable":true,"href":"https:\/\/vozoperario.pt\/jornal\/wp-json\/wp\/v2\/users\/71"}],"replies":[{"embeddable":true,"href":"https:\/\/vozoperario.pt\/jornal\/wp-json\/wp\/v2\/comments?post=5019"}],"version-history":[{"count":4,"href":"https:\/\/vozoperario.pt\/jornal\/wp-json\/wp\/v2\/posts\/5019\/revisions"}],"predecessor-version":[{"id":5037,"href":"https:\/\/vozoperario.pt\/jornal\/wp-json\/wp\/v2\/posts\/5019\/revisions\/5037"}],"wp:featuredmedia":[{"embeddable":true,"href":"https:\/\/vozoperario.pt\/jornal\/wp-json\/wp\/v2\/media\/5020"}],"wp:attachment":[{"href":"https:\/\/vozoperario.pt\/jornal\/wp-json\/wp\/v2\/media?parent=5019"}],"wp:term":[{"taxonomy":"category","embeddable":true,"href":"https:\/\/vozoperario.pt\/jornal\/wp-json\/wp\/v2\/categories?post=5019"},{"taxonomy":"post_tag","embeddable":true,"href":"https:\/\/vozoperario.pt\/jornal\/wp-json\/wp\/v2\/tags?post=5019"},{"taxonomy":"author","embeddable":true,"href":"https:\/\/vozoperario.pt\/jornal\/wp-json\/wp\/v2\/coauthors?post=5019"}],"curies":[{"name":"wp","href":"https:\/\/api.w.org\/{rel}","templated":true}]}}