{"id":4905,"date":"2021-08-05T08:58:25","date_gmt":"2021-08-05T08:58:25","guid":{"rendered":"https:\/\/vozoperario.pt\/jornal\/?p=4905"},"modified":"2021-08-05T08:58:27","modified_gmt":"2021-08-05T08:58:27","slug":"vacinacao-revela-se-eficaz-no-combate-a-covid-19","status":"publish","type":"post","link":"https:\/\/vozoperario.pt\/jornal\/2021\/08\/05\/vacinacao-revela-se-eficaz-no-combate-a-covid-19\/","title":{"rendered":"Vacina\u00e7\u00e3o revela-se eficaz no combate \u00e0 covid-19"},"content":{"rendered":"\n<p>Durante a reuni\u00e3o no Infarmed realizada a 27 de julho, a Dire\u00e7\u00e3o-Geral da Sa\u00fade (DGS) revelou que, nas unidades de cuidados intensivos, apenas 5% dos internados tinham a vacina\u00e7\u00e3o completa. Para al\u00e9m disso, duas em cada 100 pessoas internadas com covid-19, entre 28 de junho e 4 de julho, j\u00e1 estavam completamente vacinadas contra a doen\u00e7a. O diretor dos Servi\u00e7os de Informa\u00e7\u00e3o e An\u00e1lise da DGS, Andr\u00e9 Peralta Santos, em an\u00e1lise dos dados, explicou que no internamento geral nessa mesma semana, 68% dos doentes ainda n\u00e3o tinham iniciado a vacina\u00e7\u00e3o contra a covid-19 e que 30% tinham a vacina\u00e7\u00e3o incompleta.&nbsp;<\/p>\n\n\n\n<p>No caso da vacina\u00e7\u00e3o incompleta, a DGS inclui tamb\u00e9m n\u00e3o s\u00f3 os indiv\u00edduos que s\u00f3 receberam uma dose contra a covid-19 mas tamb\u00e9m aqueles que tinham sido imunizados com a segunda dose h\u00e1 menos de duas semanas. As autoridades de sa\u00fade entendem que s\u00f3 ao fim de 14 dias \u00e9 que o organismo ter\u00e1 desenvolvido a resposta imunit\u00e1ria \u00e0 vacina.<\/p>\n\n\n\n<p>Outro dado importante revela a prote\u00e7\u00e3o dos maiores de 80 anos. Duas doses da vacina reduzem em 85% o risco de hospitaliza\u00e7\u00e3o desta camada da popula\u00e7\u00e3o, revelou Ausenda Machado, do Instituto Nacional de Sa\u00fade Dr. Ricardo Jorge. Apenas uma dose j\u00e1 oferece uma prote\u00e7\u00e3o significativa, reduzindo em 62,5% os internamentos nesta faixa et\u00e1ria.<\/p>\n\n\n\n<p>J\u00e1 entre os 65 e os 79 anos os resultados tamb\u00e9m s\u00e3o animadores. Segundo Ausenda Machado, uma dose reduz os internamentos nestas idades em 59,1%. Ainda n\u00e3o exitem dados relativos ao esquema completo de vacina\u00e7\u00e3o porque, como explicou a especialista, durante o per\u00edodo analisado n\u00e3o havia, nessa condi\u00e7\u00e3o, pessoas hospitalizadas suficientes para a amostra.<br><\/p>\n\n\n\n<h2 class=\"wp-block-heading\">Farmac\u00eauticas aumentam pre\u00e7os das vacinas<\/h2>\n\n\n\n<p>As farmac\u00eauticas Pfizer e Moderna aumentaram os pre\u00e7os de sua vacina contra a covid-19 atrav\u00e9s de um acordo com a Uni\u00e3o Europeia, segundo revelou neste domingo o jornal brit\u00e2nico Financial Times, que teve acesso ao contrato. O pre\u00e7o da vacina da Pfizer aumentou de 15,50 euros para 19,50 euros a unidade e a da Moderna, de 19 para 21,50 euros, segundo o jornal financeiro brit\u00e2nico.<\/p>\n\n\n\n<p>Tal opera\u00e7\u00e3o ocorre em pleno aumento de casos na Europa devido \u00e0 variante Delta, contra a qual as vacinas das americanas Pfizer e Moderna aparentam ser mais eficazes para evitar formas graves da doen\u00e7a, de acordo com os primeiros estudos feitos.<\/p>\n\n\n\n<p>Contactada pela AFP, a Comiss\u00e3o Europeia n\u00e3o quis fazer declara\u00e7\u00f5es ap\u00f3s esta revela\u00e7\u00e3o, sendo que as farmac\u00eauticas, para j\u00e1, tamb\u00e9m n\u00e3o reagiram.<\/p>\n\n\n\n<p>Bruxelas op\u00f4s-se desde o in\u00edcio a revelar o pre\u00e7o dos seus pedidos das vacinas, embora ,em dezembro, um ministro belga tenha revelado, no Twitter, um relat\u00f3rio que indicava o pre\u00e7o prometido por cada unidade pela UE: 1,78 euros para a vacina da AstraZeneca e 15.17 euros para a da Moderna. O mesmo post foi posteriormente apagado.<\/p>\n\n\n\n<p>Em maio, a UE fechou um novo contrato com a Pfizer\/BioNTech para comprar 1,8 mil milh\u00f5es de doses da sua vacina da covid-19 at\u00e9 2023, mas n\u00e3o informou o pre\u00e7o.<\/p>\n\n\n\n<p>A presidente da Comiss\u00e3o Europeia, Ursula von der Leyen, anunciou em julho que alcan\u00e7ou o seu objetivo de possuir o n\u00famero de doses suficiente para vacinar 70% dos europeus adultos (336 milh\u00f5es de pessoas).<\/p>\n\n\n\n<p>O programa de compra conjunta de vacinas dos pa\u00edses europeus comprou 330 milh\u00f5es de doses da vacina da Pfizer, 100 milh\u00f5es da AstraZeneca, 50 milh\u00f5es da Moderna e 20 milh\u00f5es da Johnson &amp; Johnson.<\/p>\n","protected":false},"excerpt":{"rendered":"<p>Durante a reuni\u00e3o no Infarmed realizada a 27 de julho, a Dire\u00e7\u00e3o-Geral da Sa\u00fade (DGS) revelou que, nas unidades de cuidados intensivos, apenas 5% dos internados tinham a vacina\u00e7\u00e3o completa. Para al\u00e9m disso, duas em cada 100 pessoas internadas com covid-19, entre 28 de junho e 4 de julho, j\u00e1 estavam completamente vacinadas contra a &hellip; <a href=\"https:\/\/vozoperario.pt\/jornal\/2021\/08\/05\/vacinacao-revela-se-eficaz-no-combate-a-covid-19\/\" class=\"more-link\">Continue reading <span class=\"screen-reader-text\">Vacina\u00e7\u00e3o revela-se eficaz no combate \u00e0 covid-19<\/span><\/a><\/p>\n","protected":false},"author":153,"featured_media":4906,"comment_status":"closed","ping_status":"closed","sticky":false,"template":"","format":"standard","meta":[],"categories":[51],"tags":[],"coauthors":[89],"acf":[],"_links":{"self":[{"href":"https:\/\/vozoperario.pt\/jornal\/wp-json\/wp\/v2\/posts\/4905"}],"collection":[{"href":"https:\/\/vozoperario.pt\/jornal\/wp-json\/wp\/v2\/posts"}],"about":[{"href":"https:\/\/vozoperario.pt\/jornal\/wp-json\/wp\/v2\/types\/post"}],"author":[{"embeddable":true,"href":"https:\/\/vozoperario.pt\/jornal\/wp-json\/wp\/v2\/users\/153"}],"replies":[{"embeddable":true,"href":"https:\/\/vozoperario.pt\/jornal\/wp-json\/wp\/v2\/comments?post=4905"}],"version-history":[{"count":2,"href":"https:\/\/vozoperario.pt\/jornal\/wp-json\/wp\/v2\/posts\/4905\/revisions"}],"predecessor-version":[{"id":4908,"href":"https:\/\/vozoperario.pt\/jornal\/wp-json\/wp\/v2\/posts\/4905\/revisions\/4908"}],"wp:featuredmedia":[{"embeddable":true,"href":"https:\/\/vozoperario.pt\/jornal\/wp-json\/wp\/v2\/media\/4906"}],"wp:attachment":[{"href":"https:\/\/vozoperario.pt\/jornal\/wp-json\/wp\/v2\/media?parent=4905"}],"wp:term":[{"taxonomy":"category","embeddable":true,"href":"https:\/\/vozoperario.pt\/jornal\/wp-json\/wp\/v2\/categories?post=4905"},{"taxonomy":"post_tag","embeddable":true,"href":"https:\/\/vozoperario.pt\/jornal\/wp-json\/wp\/v2\/tags?post=4905"},{"taxonomy":"author","embeddable":true,"href":"https:\/\/vozoperario.pt\/jornal\/wp-json\/wp\/v2\/coauthors?post=4905"}],"curies":[{"name":"wp","href":"https:\/\/api.w.org\/{rel}","templated":true}]}}