{"id":4644,"date":"2021-06-04T15:26:29","date_gmt":"2021-06-04T15:26:29","guid":{"rendered":"https:\/\/vozoperario.pt\/jornal\/?p=4644"},"modified":"2021-06-04T15:26:30","modified_gmt":"2021-06-04T15:26:30","slug":"palestina-um-povo-martir-as-maos-criminosas-de-israel","status":"publish","type":"post","link":"https:\/\/vozoperario.pt\/jornal\/2021\/06\/04\/palestina-um-povo-martir-as-maos-criminosas-de-israel\/","title":{"rendered":"Palestina, um povo m\u00e1rtir \u00e0s m\u00e3os criminosas de Israel"},"content":{"rendered":"\n<p>O m\u00e1rtir povo palestiniano continua a ser alvo da mais brutal agress\u00e3o por parte de Israel, agora com uma nova escalada de bombardeamentos da avia\u00e7\u00e3o sionista, que provocou v\u00e1rias centenas de mortes, muitas delas crian\u00e7as, e milhares de feridos, para al\u00e9m da destrui\u00e7\u00e3o massiva de casas, f\u00e1bricas, hospitais, escolas, igrejas, escrit\u00f3rios de ag\u00eancias de informa\u00e7\u00e3o internacionais (como o edif\u00edcio da esta\u00e7\u00e3o noticiosa Al-Jazeera numa tentativa de limitar o conhecimento da situa\u00e7\u00e3o pela comunidade internacional) e infraestruturas, designadamente estradas e abastecimento de energia el\u00e9trica.<\/p>\n\n\n\n<p>Esta nova escalada da&nbsp;agress\u00e3o israelita&nbsp;segue-se \u00e0 resist\u00eancia \u00e0s for\u00e7as de ocupa\u00e7\u00e3o israelitas, durante o m\u00eas do Ramad\u00e3o, depois de militares e colonos terem atacado palestinianos na Mesquita de al-Aqsa e imedia\u00e7\u00f5es e terem ordenado a expuls\u00e3o de palestinianos das suas casas do Bairro de Sheikh Jarrah, em Jerusal\u00e9m Oriental, para ali avan\u00e7ar com mais um colonato, situa\u00e7\u00f5es que desencadearam fortes protestos, tanto nos territ\u00f3rios ocupados como a n\u00edvel internacional.<\/p>\n\n\n\n<p>Esta brutal agress\u00e3o ocorre no m\u00eas em que se assinalam os 73 anos da Nakba (cat\u00e1strofe) que em 1948, por ocasi\u00e3o da instala\u00e7\u00e3o do estado de Israel, se abateu sobre a Palestina, com a expuls\u00e3o de 750 mil palestinianos e a destrui\u00e7\u00e3o de mais de 500 povoa\u00e7\u00f5es, em consequ\u00eancia dos ataques perpetrados pelas mil\u00edcias e brigadas sionistas do ex\u00e9rcito israelita que causaram ainda 15 mil mortos, numa a\u00e7\u00e3o que teve como objetivo a limpeza \u00e9tnica e a expuls\u00e3o de toda a popula\u00e7\u00e3o palestiniana das suas terras e dos lugares onde sempre viveu.<\/p>\n\n\n\n<p>Posteriormente, em 1967, Israel ocupou toda a Palestina hist\u00f3rica, impondo um regime racista, colonial e de apartheid ao povo palestiniano. A atual ofensiva de Israel contra a popula\u00e7\u00e3o palestiniana evidencia que a limpeza \u00e9tnica da Palestina \u00e9 um processo cont\u00ednuo, em que Israel est\u00e1 fortemente empenhado.<\/p>\n\n\n\n<p>Israel construiu um ign\u00f3bil muro de separa\u00e7\u00e3o, impondo um cruel regime de segrega\u00e7\u00e3o ao povo palestiniano. O criminoso bloqueio imposto \u00e0 Faixa de Gaza mant\u00e9m dois milh\u00f5es de pessoas, ref\u00e9ns na sua pr\u00f3pria p\u00e1tria, transformando-a numa imensa pris\u00e3o, onde nada nem ningu\u00e9m entra ou sai sem pr\u00e9via autoriza\u00e7\u00e3o de Israel, em que tudo falta, incluindo os bens e servi\u00e7os essenciais \u00e0 sobreviv\u00eancia da popula\u00e7\u00e3o, onde nem sequer podem fugir dos bombardeamentos dos agressores sionistas, situa\u00e7\u00e3o particularmente agravada pela pandemia da Covid19, criando enormes entraves no acesso aos cuidados de sa\u00fade e \u00e0 vacina\u00e7\u00e3o.<\/p>\n\n\n\n<p>A escalada de agress\u00e3o de Israel e das for\u00e7as sionistas visa a anexa\u00e7\u00e3o de Jerusal\u00e9m Oriental e de todo o territ\u00f3rio hist\u00f3rico da Palestina, negando de facto ao povo palestiniano o seu leg\u00edtimo direito a um Estado. Neste seu objetivo, Israel conta com a coniv\u00eancia e o apoio dos Estados Unidos da Am\u00e9rica, mas tamb\u00e9m com a complac\u00eancia da Uni\u00e3o Europeia, que imp\u00f5em san\u00e7\u00f5es ou bloqueios a pa\u00edses que resistem \u00e0s agress\u00f5es imperialistas, mas por outro lado, colocando no mesmo plano ocupante e ocupado, assistem indiferentes \u00e0 sistem\u00e1tica agress\u00e3o e viola\u00e7\u00e3o do Direito Internacional por parte de Israel.<\/p>\n\n\n\n<p>Sim porque ao contr\u00e1rio do que afirmam os que est\u00e3o alinhados com o imperialismo, n\u00e3o estamos em presen\u00e7a duma guerra, nem t\u00e3o pouco de um conflito. O que temos \u00e9 uma ocupa\u00e7\u00e3o sionista, que massacra o m\u00e1rtir povo palestiniano.<\/p>\n\n\n\n<p>A escalada de viol\u00eancia perpetrada por Israel, acentua a sua pol\u00edtica de opress\u00e3o e sistem\u00e1tico desrespeito pelo direito internacional, contrariando qualquer perspetiva de solu\u00e7\u00e3o pol\u00edtica para a quest\u00e3o palestiniana, nomeadamente a solu\u00e7\u00e3o dos dois Estados, levando a cabo, de forma declarada, sucessivas viola\u00e7\u00f5es das resolu\u00e7\u00f5es e planos internacionais de paz.<\/p>\n\n\n\n<p>Como se comprova pelas recentes manifesta\u00e7\u00f5es em Portugal e um pouco por todo o mundo, o povo palestiniano n\u00e3o est\u00e1 sozinho, tem o apoio dos trabalhadores e do povo de todo o planeta que lhe manifestam a mais profunda solidariedade na sua resist\u00eancia e luta contra a agress\u00e3o, contra a destrui\u00e7\u00e3o e o sofrimento e no seu empenho pelo fim da ocupa\u00e7\u00e3o e desmantelamento dos colonatos e pela cria\u00e7\u00e3o do Estado da Palestina, com as fronteiras de 1967 e capital em Jerusal\u00e9m Oriental e no respeito do direito ao regresso dos refugiados palestinianos.<br><\/p>\n","protected":false},"excerpt":{"rendered":"<p>O m\u00e1rtir povo palestiniano continua a ser alvo da mais brutal agress\u00e3o por parte de Israel, agora com uma nova escalada de bombardeamentos da avia\u00e7\u00e3o sionista, que provocou v\u00e1rias centenas de mortes, muitas delas crian\u00e7as, e milhares de feridos, para al\u00e9m da destrui\u00e7\u00e3o massiva de casas, f\u00e1bricas, hospitais, escolas, igrejas, escrit\u00f3rios de ag\u00eancias de informa\u00e7\u00e3o &hellip; <a href=\"https:\/\/vozoperario.pt\/jornal\/2021\/06\/04\/palestina-um-povo-martir-as-maos-criminosas-de-israel\/\" class=\"more-link\">Continue reading <span class=\"screen-reader-text\">Palestina, um povo m\u00e1rtir \u00e0s m\u00e3os criminosas de Israel<\/span><\/a><\/p>\n","protected":false},"author":10,"featured_media":4645,"comment_status":"closed","ping_status":"closed","sticky":false,"template":"","format":"standard","meta":[],"categories":[52],"tags":[],"coauthors":[84],"acf":[],"_links":{"self":[{"href":"https:\/\/vozoperario.pt\/jornal\/wp-json\/wp\/v2\/posts\/4644"}],"collection":[{"href":"https:\/\/vozoperario.pt\/jornal\/wp-json\/wp\/v2\/posts"}],"about":[{"href":"https:\/\/vozoperario.pt\/jornal\/wp-json\/wp\/v2\/types\/post"}],"author":[{"embeddable":true,"href":"https:\/\/vozoperario.pt\/jornal\/wp-json\/wp\/v2\/users\/10"}],"replies":[{"embeddable":true,"href":"https:\/\/vozoperario.pt\/jornal\/wp-json\/wp\/v2\/comments?post=4644"}],"version-history":[{"count":2,"href":"https:\/\/vozoperario.pt\/jornal\/wp-json\/wp\/v2\/posts\/4644\/revisions"}],"predecessor-version":[{"id":4647,"href":"https:\/\/vozoperario.pt\/jornal\/wp-json\/wp\/v2\/posts\/4644\/revisions\/4647"}],"wp:featuredmedia":[{"embeddable":true,"href":"https:\/\/vozoperario.pt\/jornal\/wp-json\/wp\/v2\/media\/4645"}],"wp:attachment":[{"href":"https:\/\/vozoperario.pt\/jornal\/wp-json\/wp\/v2\/media?parent=4644"}],"wp:term":[{"taxonomy":"category","embeddable":true,"href":"https:\/\/vozoperario.pt\/jornal\/wp-json\/wp\/v2\/categories?post=4644"},{"taxonomy":"post_tag","embeddable":true,"href":"https:\/\/vozoperario.pt\/jornal\/wp-json\/wp\/v2\/tags?post=4644"},{"taxonomy":"author","embeddable":true,"href":"https:\/\/vozoperario.pt\/jornal\/wp-json\/wp\/v2\/coauthors?post=4644"}],"curies":[{"name":"wp","href":"https:\/\/api.w.org\/{rel}","templated":true}]}}