{"id":4581,"date":"2021-05-11T15:34:14","date_gmt":"2021-05-11T15:34:14","guid":{"rendered":"https:\/\/vozoperario.pt\/jornal\/?p=4581"},"modified":"2021-05-11T15:51:33","modified_gmt":"2021-05-11T15:51:33","slug":"nasceu-o-relampago-associacao-desportiva-popular","status":"publish","type":"post","link":"https:\/\/vozoperario.pt\/jornal\/2021\/05\/11\/nasceu-o-relampago-associacao-desportiva-popular\/","title":{"rendered":"Nasceu o Rel\u00e2mpago, associa\u00e7\u00e3o desportiva popular"},"content":{"rendered":"\n<p>Apesar de a sua atividade j\u00e1 ter tido in\u00edcio a meio do ver\u00e3o passado, de uma forma informal e quase espont\u00e2nea (com jogos de futebol amador e cicloturismo), a Associa\u00e7\u00e3o Desportiva e Recreativa &#8220;O Rel\u00e2mpago&#8221; foi inaugurada no s\u00e1bado, 1 de maio, com uma celebra\u00e7\u00e3o fundacional numa rua do levantino bairro do Beato, em Lisboa.<\/p>\n\n\n\n<p>Tratou-se do culminar de um processo associativo que j\u00e1 vinha a borbulhar na cidade desde 2019 e a que presidia a ideia de proporcionar o desporto, o recreio e a solidariedade para as classes populares. Ora, este projecto mostrou-se assim a p\u00fablico numa manh\u00e3 de sol, convidando amigos e futuros associados para este encontro inaugural de animada confraterniza\u00e7\u00e3o, de car\u00e1cter simb\u00f3lico por\u00e9m com direito a discurso, e venda de material alusivo ao clube.<\/p>\n\n\n\n<p>O encontro teve lugar na Rua Domingos Barreiros, junto de onde nos anos 30 existiu uma agremia\u00e7\u00e3o desportiva de nome Rel\u00e2mpago FC. N\u00e3o que a ADRR se queira constituir como sua refunda\u00e7\u00e3o, longe disso, dizem os seus fundadores, mas apenas como homenagem \u00e0 sua mem\u00f3ria hist\u00f3rica. <\/p>\n\n\n\n<p>O Rel\u00e2mpago FC foi um dos diversos clubes que por aquelas paragens brotaram nas primeiras d\u00e9cadas do s\u00e9culo passado, fruto da jun\u00e7\u00e3o de vontades de centenas de oper\u00e1rios locais que por essas datas colocavam em pr\u00e1tica pelas primeiras vezes o poder coletivo do associativismo popular, enraizado no bairro, e que a tantos deram acesso ao salutar desporto e a outras actividades recreativas, culturais, que at\u00e9 a\u00ed estavam vedadas \u00e0s classes dominantes. <\/p>\n\n\n\n<p>Embebidos no esp\u00edrito destas experi\u00eancias de antanho e com a sede que cabe a uma agremia\u00e7\u00e3o entusiasmada com os seus alvores &#8211; ainda n\u00e3o t\u00eam um local como sede pr\u00f3pria &#8211; eis que se lan\u00e7am nesta empreitada os relampaguistas do s\u00e9culo XXI, olhando para o futuro em constru\u00e7\u00e3o com uma sec\u00e7\u00e3o de futebol, uma de ciclismo e outra de kickboxing, entre outras atividades j\u00e1 pensadas.<\/p>\n\n\n\n<p>Para j\u00e1, podem ser contactados atrav\u00e9s da sua p\u00e1gina de instagram, at\u00e9 se porque se avizinha uma din\u00e2mica campanha de angaria\u00e7\u00e3o de s\u00f3cios a partir de meados de maio.<\/p>\n","protected":false},"excerpt":{"rendered":"<p>Apesar de a sua atividade j\u00e1 ter tido in\u00edcio a meio do ver\u00e3o passado, de uma forma informal e quase espont\u00e2nea (com jogos de futebol amador e cicloturismo), a Associa\u00e7\u00e3o Desportiva e Recreativa &#8220;O Rel\u00e2mpago&#8221; foi inaugurada no s\u00e1bado, 1 de maio, com uma celebra\u00e7\u00e3o fundacional numa rua do levantino bairro do Beato, em Lisboa. &hellip; <a href=\"https:\/\/vozoperario.pt\/jornal\/2021\/05\/11\/nasceu-o-relampago-associacao-desportiva-popular\/\" class=\"more-link\">Continue reading <span class=\"screen-reader-text\">Nasceu o Rel\u00e2mpago, associa\u00e7\u00e3o desportiva popular<\/span><\/a><\/p>\n","protected":false},"author":153,"featured_media":4587,"comment_status":"closed","ping_status":"closed","sticky":false,"template":"","format":"standard","meta":[],"categories":[50],"tags":[],"coauthors":[89],"acf":[],"_links":{"self":[{"href":"https:\/\/vozoperario.pt\/jornal\/wp-json\/wp\/v2\/posts\/4581"}],"collection":[{"href":"https:\/\/vozoperario.pt\/jornal\/wp-json\/wp\/v2\/posts"}],"about":[{"href":"https:\/\/vozoperario.pt\/jornal\/wp-json\/wp\/v2\/types\/post"}],"author":[{"embeddable":true,"href":"https:\/\/vozoperario.pt\/jornal\/wp-json\/wp\/v2\/users\/153"}],"replies":[{"embeddable":true,"href":"https:\/\/vozoperario.pt\/jornal\/wp-json\/wp\/v2\/comments?post=4581"}],"version-history":[{"count":4,"href":"https:\/\/vozoperario.pt\/jornal\/wp-json\/wp\/v2\/posts\/4581\/revisions"}],"predecessor-version":[{"id":4586,"href":"https:\/\/vozoperario.pt\/jornal\/wp-json\/wp\/v2\/posts\/4581\/revisions\/4586"}],"wp:featuredmedia":[{"embeddable":true,"href":"https:\/\/vozoperario.pt\/jornal\/wp-json\/wp\/v2\/media\/4587"}],"wp:attachment":[{"href":"https:\/\/vozoperario.pt\/jornal\/wp-json\/wp\/v2\/media?parent=4581"}],"wp:term":[{"taxonomy":"category","embeddable":true,"href":"https:\/\/vozoperario.pt\/jornal\/wp-json\/wp\/v2\/categories?post=4581"},{"taxonomy":"post_tag","embeddable":true,"href":"https:\/\/vozoperario.pt\/jornal\/wp-json\/wp\/v2\/tags?post=4581"},{"taxonomy":"author","embeddable":true,"href":"https:\/\/vozoperario.pt\/jornal\/wp-json\/wp\/v2\/coauthors?post=4581"}],"curies":[{"name":"wp","href":"https:\/\/api.w.org\/{rel}","templated":true}]}}