{"id":4559,"date":"2021-05-06T21:48:04","date_gmt":"2021-05-06T21:48:04","guid":{"rendered":"https:\/\/vozoperario.pt\/jornal\/?p=4559"},"modified":"2021-05-06T21:48:05","modified_gmt":"2021-05-06T21:48:05","slug":"garagem-liz-vai-ser-transformada-em-hipermercado","status":"publish","type":"post","link":"https:\/\/vozoperario.pt\/jornal\/2021\/05\/06\/garagem-liz-vai-ser-transformada-em-hipermercado\/","title":{"rendered":"Garagem Liz vai ser transformada em hipermercado"},"content":{"rendered":"\n<p>A Avenida Almirante Reis, uma das mais populares e centrais art\u00e9rias da cidade de Lisboa, vai assistir \u00e0 instala\u00e7\u00e3o de um hipermercado Continente na antiga e hist\u00f3rica Garagem Liz. A proposta da empresa foi aprovada em reuni\u00e3o de c\u00e2mara com os votos favor\u00e1veis do PS, PSD e CDS-PP e contra do PCP e BE.<\/p>\n\n\n\n<p>\u00c9 j\u00e1 no fim da Avenida Almirante Reis, junto \u00e0 Rua da Palma, que se ergue um dos edif\u00edcios mais singulares da capital. Os terrenos pertenciam \u00e0 Condessa de Geraz de Lisboa. Segundo o Eco, no final de 1887, foi inaugurado naqueles terrenos o Teatro Circo Real Coliseu de Lisboa e, em 1917, o edif\u00edcio foi arrendado \u00e0 Administra\u00e7\u00e3o dos Correios e Tel\u00e9grafos, pode ler-se na p\u00e1gina da DGPC. Em 1926, o edif\u00edcio foi demolido e em 1933, a empresa J. Caldas entregou na c\u00e2mara o pedido de constru\u00e7\u00e3o da Garagem Liz. O estilo arquitet\u00f3nico enquadra-se no Art D\u00e9co da \u00e9poca.<\/p>\n\n\n\n<p>O im\u00f3vel, com uma \u00e1rea total de 2.546 metros quadrados distribu\u00edda por dois andares, vai albergar o hipermercado e o estacionamento, uma proposta que tem recebido algumas opini\u00f5es negativas. \u00c9 o caso do arquiteto Tiago Mota Saraiva que contesta o plano para aquele espa\u00e7o. \u201cIsto contraria a ideia da cidade de 15 minutos. A cidade deve ser determinada por aquilo que falta e num raio de 100 metros h\u00e1 v\u00e1rias superf\u00edcies parecidas com aquela\u201d, explicou \u00e0 Voz do Oper\u00e1rio. \u201cEstamos a criar uma densidade de supermercados que n\u00e3o serve o interesse p\u00fablico\u201d.<\/p>\n\n\n\n<p>Defende tamb\u00e9m que tendo havido altera\u00e7\u00e3o de uso \u201cfazia todo o sentido que fosse um espa\u00e7o de cultura\u201d, recordando que ali j\u00e1 esteve um coliseu. Outro dos problemas apontados \u00e9 o do estacionamento. \u201cN\u00e3o podes pensar em ciclovias e depois fazes um parque estacionamento e um supermercado\u201d.<\/p>\n\n\n\n<p>Tamb\u00e9m a vereadora comunista Ana Jara, uma das eleitas da CDU que votou contra a proposta, se mostrou preocupada com as consequ\u00eancias desta decis\u00e3o. Em declara\u00e7\u00f5es ao AbrilAbril, a arquiteta de profiss\u00e3o denunciou que o projeto \u00e9 omisso numa s\u00e9rie de quest\u00f5es, tanto no impacto que ter\u00e1 do ponto de vista do com\u00e9rcio local e de como se coaduna com a inten\u00e7\u00e3o de reduzir o tr\u00e1fego autom\u00f3vel e, consequentemente, as emiss\u00f5es de CO2.&nbsp;<\/p>\n\n\n\n<p>Sendo um edif\u00edcio classificado pela sua singularidade, Ana Jara considerou que se trata de um plano \u201ccompletamente indiferenciado\u201d e denunciou a inexist\u00eancia de um relat\u00f3rio pr\u00e9vio para avaliar o atual estado do edif\u00edcio. Para a vereadora da CDU, este hipermercado representa uma amea\u00e7a para o com\u00e9rcio local, j\u00e1 fragilizado pela pandemia.<\/p>\n\n\n\n<p>J\u00e1 uma fonte da c\u00e2mara, contactada pelo Eco, referiu que o projeto \u201cpermite reabilitar e salvaguardar o patrim\u00f3nio cultural edificado\u201d e que os mais idosos \u201cficam com uma oferta comercial mais variada e acess\u00edvel\u201d.<\/p>\n","protected":false},"excerpt":{"rendered":"<p>A Avenida Almirante Reis, uma das mais populares e centrais art\u00e9rias da cidade de Lisboa, vai assistir \u00e0 instala\u00e7\u00e3o de um hipermercado Continente na antiga e hist\u00f3rica Garagem Liz. A proposta da empresa foi aprovada em reuni\u00e3o de c\u00e2mara com os votos favor\u00e1veis do PS, PSD e CDS-PP e contra do PCP e BE. \u00c9 &hellip; <a href=\"https:\/\/vozoperario.pt\/jornal\/2021\/05\/06\/garagem-liz-vai-ser-transformada-em-hipermercado\/\" class=\"more-link\">Continue reading <span class=\"screen-reader-text\">Garagem Liz vai ser transformada em hipermercado<\/span><\/a><\/p>\n","protected":false},"author":153,"featured_media":4560,"comment_status":"closed","ping_status":"closed","sticky":false,"template":"","format":"standard","meta":[],"categories":[50],"tags":[],"coauthors":[89],"acf":[],"_links":{"self":[{"href":"https:\/\/vozoperario.pt\/jornal\/wp-json\/wp\/v2\/posts\/4559"}],"collection":[{"href":"https:\/\/vozoperario.pt\/jornal\/wp-json\/wp\/v2\/posts"}],"about":[{"href":"https:\/\/vozoperario.pt\/jornal\/wp-json\/wp\/v2\/types\/post"}],"author":[{"embeddable":true,"href":"https:\/\/vozoperario.pt\/jornal\/wp-json\/wp\/v2\/users\/153"}],"replies":[{"embeddable":true,"href":"https:\/\/vozoperario.pt\/jornal\/wp-json\/wp\/v2\/comments?post=4559"}],"version-history":[{"count":2,"href":"https:\/\/vozoperario.pt\/jornal\/wp-json\/wp\/v2\/posts\/4559\/revisions"}],"predecessor-version":[{"id":4562,"href":"https:\/\/vozoperario.pt\/jornal\/wp-json\/wp\/v2\/posts\/4559\/revisions\/4562"}],"wp:featuredmedia":[{"embeddable":true,"href":"https:\/\/vozoperario.pt\/jornal\/wp-json\/wp\/v2\/media\/4560"}],"wp:attachment":[{"href":"https:\/\/vozoperario.pt\/jornal\/wp-json\/wp\/v2\/media?parent=4559"}],"wp:term":[{"taxonomy":"category","embeddable":true,"href":"https:\/\/vozoperario.pt\/jornal\/wp-json\/wp\/v2\/categories?post=4559"},{"taxonomy":"post_tag","embeddable":true,"href":"https:\/\/vozoperario.pt\/jornal\/wp-json\/wp\/v2\/tags?post=4559"},{"taxonomy":"author","embeddable":true,"href":"https:\/\/vozoperario.pt\/jornal\/wp-json\/wp\/v2\/coauthors?post=4559"}],"curies":[{"name":"wp","href":"https:\/\/api.w.org\/{rel}","templated":true}]}}