{"id":3957,"date":"2020-10-02T13:32:28","date_gmt":"2020-10-02T13:32:28","guid":{"rendered":"https:\/\/vozoperario.pt\/jornal\/?p=3957"},"modified":"2020-11-23T14:38:25","modified_gmt":"2020-11-23T14:38:25","slug":"assembleia-municipal-chumba-pesar-por-morte-em-acidente-laboral","status":"publish","type":"post","link":"https:\/\/vozoperario.pt\/jornal\/2020\/10\/02\/assembleia-municipal-chumba-pesar-por-morte-em-acidente-laboral\/","title":{"rendered":"Assembleia Municipal chumba pesar por morte em acidente laboral"},"content":{"rendered":"\n<p>A pol\u00e9mica estalou na Assembleia Municipal de Vila Franca de Xira quando a maioria dos deputados inviabilizou um voto de pesar apresentado pelos eleitos pela CDU pela morte de Lu\u00eds Grilo, trabalhador dos Servi\u00e7os Municipalizados de \u00c1guas e Saneamento (SMAS) de Vila Franca de Xira num acidente de trabalho. A proposta dirigia condol\u00eancias \u00e0 fam\u00edlia, colegas e amigos da v\u00edtima e recordava a necessidade de erradicar este tipo de acidentes atrav\u00e9s da forma\u00e7\u00e3o e de equipamentos de prote\u00e7\u00e3o, entre outras medidas, e sublinhava a responsabilidade dos SMAS no apoio \u00e0 fam\u00edlia. O voto de pesar pela morte de Lu\u00eds Grilo enquanto trabalhava para a autarquia foi chumbado com os votos contra do PS, da coliga\u00e7\u00e3o PSD\/CDS-PP, de dois deputados independentes e a absten\u00e7\u00e3o do BE. S\u00f3 os eleitos da CDU e o PAN votaram favoravelmente.<\/p>\n\n\n\n<p>A hist\u00f3ria remonta a 22 de julho quando Lu\u00eds Grilo teve um grave acidente de trabalho enquanto exercia as suas fun\u00e7\u00f5es. Nesse dia, a v\u00edtima, com cerca de 50 anos, recolhia \u00e1gua para an\u00e1lise de um reservat\u00f3rio em Alverca.<\/p>\n\n\n\n<p>De acordo com o meio regional, tratava-se de um trabalhador experiente e foi a primeira vez que uma situa\u00e7\u00e3o deste tipo aconteceu naqueles servi\u00e7os. A v\u00edtima estava consciente apesar das m\u00faltiplas queimaduras e teve de ser transportada de emerg\u00eancia para o Hospital Universit\u00e1rio de Coimbra atrav\u00e9s de um helic\u00f3ptero do INEM. Lu\u00eds Grilo resistiu a v\u00e1rias opera\u00e7\u00f5es cir\u00fargicas mas acabou por morrer a 9 de setembro.<\/p>\n\n\n\n<p>Segundo O Mirante, os bombeiros de Alverca e os m\u00e9dicos do INEM ter\u00e3o dado o seu melhor para salvar e estabilizar Lu\u00eds logo ap\u00f3s o acidente que foi transferido de helic\u00f3ptero para Coimbra. <\/p>\n\n\n\n<p>J\u00e1 os SMAS de Vila Franca de Xira anunciaram a abertura de um inqu\u00e9rito, que ainda est\u00e1 a decorrer, para apurar as causas do acidente grave.<\/p>\n","protected":false},"excerpt":{"rendered":"<p>A pol\u00e9mica estalou na Assembleia Municipal de Vila Franca de Xira quando a maioria dos deputados inviabilizou um voto de pesar apresentado pelos eleitos pela CDU pela morte de Lu\u00eds Grilo, trabalhador dos Servi\u00e7os Municipalizados de \u00c1guas e Saneamento (SMAS) de Vila Franca de Xira num acidente de trabalho. A proposta dirigia condol\u00eancias \u00e0 fam\u00edlia, &hellip; <a href=\"https:\/\/vozoperario.pt\/jornal\/2020\/10\/02\/assembleia-municipal-chumba-pesar-por-morte-em-acidente-laboral\/\" class=\"more-link\">Continue reading <span class=\"screen-reader-text\">Assembleia Municipal chumba pesar por morte em acidente laboral<\/span><\/a><\/p>\n","protected":false},"author":153,"featured_media":3958,"comment_status":"closed","ping_status":"closed","sticky":false,"template":"","format":"standard","meta":[],"categories":[50],"tags":[],"coauthors":[89],"acf":[],"_links":{"self":[{"href":"https:\/\/vozoperario.pt\/jornal\/wp-json\/wp\/v2\/posts\/3957"}],"collection":[{"href":"https:\/\/vozoperario.pt\/jornal\/wp-json\/wp\/v2\/posts"}],"about":[{"href":"https:\/\/vozoperario.pt\/jornal\/wp-json\/wp\/v2\/types\/post"}],"author":[{"embeddable":true,"href":"https:\/\/vozoperario.pt\/jornal\/wp-json\/wp\/v2\/users\/153"}],"replies":[{"embeddable":true,"href":"https:\/\/vozoperario.pt\/jornal\/wp-json\/wp\/v2\/comments?post=3957"}],"version-history":[{"count":5,"href":"https:\/\/vozoperario.pt\/jornal\/wp-json\/wp\/v2\/posts\/3957\/revisions"}],"predecessor-version":[{"id":4046,"href":"https:\/\/vozoperario.pt\/jornal\/wp-json\/wp\/v2\/posts\/3957\/revisions\/4046"}],"wp:featuredmedia":[{"embeddable":true,"href":"https:\/\/vozoperario.pt\/jornal\/wp-json\/wp\/v2\/media\/3958"}],"wp:attachment":[{"href":"https:\/\/vozoperario.pt\/jornal\/wp-json\/wp\/v2\/media?parent=3957"}],"wp:term":[{"taxonomy":"category","embeddable":true,"href":"https:\/\/vozoperario.pt\/jornal\/wp-json\/wp\/v2\/categories?post=3957"},{"taxonomy":"post_tag","embeddable":true,"href":"https:\/\/vozoperario.pt\/jornal\/wp-json\/wp\/v2\/tags?post=3957"},{"taxonomy":"author","embeddable":true,"href":"https:\/\/vozoperario.pt\/jornal\/wp-json\/wp\/v2\/coauthors?post=3957"}],"curies":[{"name":"wp","href":"https:\/\/api.w.org\/{rel}","templated":true}]}}