{"id":3827,"date":"2020-08-19T14:19:55","date_gmt":"2020-08-19T14:19:55","guid":{"rendered":"https:\/\/vozoperario.pt\/jornal\/?p=3827"},"modified":"2020-09-02T12:08:10","modified_gmt":"2020-09-02T12:08:10","slug":"volta-a-soar-musica-nos-palcos-nacionais","status":"publish","type":"post","link":"https:\/\/vozoperario.pt\/jornal\/2020\/08\/19\/volta-a-soar-musica-nos-palcos-nacionais\/","title":{"rendered":"Volta a soar m\u00fasica nos palcos nacionais"},"content":{"rendered":"\n<p>Por todo o pa\u00eds, s\u00e3o muitas as iniciativas culturais a decorrer este ver\u00e3o, numa pan\u00f3plia de espet\u00e1culos que ajudam a romper o isolamento social e a debelar a crise no setor da Cultura.<\/p>\n\n\n\n<p>Desde que acabou o confinamento, foram muitas as atividades culturais que regressaram \u00e0s salas de espet\u00e1culo e \u00e0s ruas e jardins, para devolver um pouco de normalidade aos dias que vivemos. A verdade \u00e9 que o recuo do n\u00famero de casos de internamentos e mortes permitiu aliviar as restri\u00e7\u00f5es e permitir a abertura de museus, restaurantes,&nbsp;gin\u00e1sios, cinemas, teatros e outros espa\u00e7os.<\/p>\n\n\n\n<p>Com a chegada do calor e das f\u00e9rias, para muitos, \u00e9 uma oportunidade de aliviar o isolamento. Para os artistas, \u00e9 a urg\u00eancia de recuperar rendimentos. Como noutras \u00e1reas da economia, a crise em que se encontra o setor \u00e9 t\u00e3o profunda que h\u00e1 profissionais da cultura a passar fome perante os parcos apoios, quando existem, do governo.<\/p>\n\n\n\n<p>Entre as muitas iniciativas culturais agendadas, Salvador Sobral vai estar no Teatro Maria Matos, em Lisboa, nos dias 10, 11, 17 e 18 e 24 e 25 de agosto. No mesmo espa\u00e7o, S\u00e9rgio Godinho vai dar um espet\u00e1culo a 31 de agosto e a 1 de setembro. Lu\u00edsa Sobral vai estar no Teatro da Trindade no dia 6 de outubro.<\/p>\n\n\n\n<p>Mas Lisboa n\u00e3o \u00e9 exce\u00e7\u00e3o. Entre 31 de julho e 22 de agosto, o Pal\u00e1cio de Cristal, no Porto, vai acolher um ciclo de concertos chamado Noites do Pal\u00e1cio. A programa\u00e7\u00e3o durante quatro fins de semana inclui concertos de Ant\u00f3nio Zambujo, HMB, Rui Veloso, The Black Mamba, Gisela Jo\u00e3o, Jorge Palma, Diogo Pi\u00e7arra e Blind Zero. A lota\u00e7\u00e3o m\u00e1xima do espa\u00e7o ser\u00e1 de 600 pessoas.<\/p>\n\n\n\n<h2 class=\"wp-block-heading\">Festa do \u201cAvante!\u201d regressa em setembro<\/h2>\n\n\n\n<p>A hist\u00f3rica festa pol\u00edtico-cultural dos comunistas portugueses regressa \u00e0s Quintas da Atalaia e do Cabo, na Amora, Seixal, a 4, 5 e 6 de setembro. Sob o lema \u201cViver a Festa da fraternidade, da amizade e da camaradagem\u201d, a Festa do \u201cAvante!\u201d vai decorrer num recinto com 30 hectares, mais 10 mil metros quadrados do que nas edi\u00e7\u00f5es anteriores. Este ano, \u201cser\u00e3o abertas \u00e1reas que nunca estiveram acess\u00edveis aos visitantes\u201d, explica o PCP. Estas medidas, entre outras, v\u00e3o permitir que o evento pol\u00edtico-cultural decorra dentro das recomenda\u00e7\u00f5es da Dire\u00e7\u00e3o-Geral da Sa\u00fade.<\/p>\n\n\n\n<p>Destaque para tr\u00eas palcos de grande dimens\u00e3o ao ar livre e cinema, teatro e feira do livro tamb\u00e9m fora de recintos fechados para garantir medidas sanit\u00e1rias. A organiza\u00e7\u00e3o da Festa do \u201cAvante!\u201d vai assegurar ainda o aumento de pontos de higieniza\u00e7\u00e3o com \u00e1lcool-gel.<\/p>\n\n\n\n<p>Tamb\u00e9m as portas v\u00e3o abrir mais cedo. \u201cDe forma a evitar aglomerados e o cruzamento de fluxos\u201d, as portas da Quinta da Princesa e da Quinta do V\u00e3o abrem \u00e0s 16h e \u00e0s 15h, respetivamente. O arranque oficial vai manter-se \u00e0s 19h. \u201cA entrada da Medideira funcionar\u00e1 para cart\u00f5es de servi\u00e7o e ser\u00e3o criados novos canais de sa\u00edda, mais alargados\u201d.<\/p>\n\n\n\n<p>Este ano, nas atuais circunst\u00e2ncias, e dada a crise do setor da cultura, o PCP optou por oferecer um programa apenas com artistas de l\u00edngua portuguesa. Nomes como Xutos &amp; Pontap\u00e9s, Dino D\u2019Santiago, Blasted Mechanism, Peste &amp; Sida, Capicua, Marta Ren, M\u00e3o Morta, Lena d\u2019\u00c1gua, Sc\u00faru Fitch\u00e1du, El Sur, entre outros, v\u00e3o preencher tr\u00eas dias de muita anima\u00e7\u00e3o.<\/p>\n\n\n\n<h2 class=\"wp-block-heading\">A crise na cultura<\/h2>\n\n\n\n<p>Se num primeiro momento, os mais importantes empres\u00e1rios dos principais festivais de m\u00fasica exigiram medidas para fazer frente aos preju\u00edzos que antecipavam ainda em maio, o governo nesse mesmo m\u00eas anunciou que a devolu\u00e7\u00e3o do valor dos bilhetes j\u00e1 comprados s\u00f3 seria efetuada a partir de janeiro de 2022. At\u00e9 l\u00e1, em alternativa, \u00e9 poss\u00edvel pedir a troca do bilhete por um vale \u201cde igual valor ao pre\u00e7o pago\u201d, v\u00e1lido at\u00e9 31 de dezembro de 2021, e esse vale pode ser utilizado na \u201caquisi\u00e7\u00e3o de bilhetes de ingresso para o mesmo espet\u00e1culo a realizar em nova data ou para outros eventos realizados pelo mesmo promotor\u201d. \u201cCaso o vale n\u00e3o seja utilizado at\u00e9 ao dia 31 de dezembro de 2021, o portador tem direito ao reembolso do valor do mesmo, a solicitar no prazo de 14 dias \u00fateis\u201d, podia ler-se no documento aprovado na Assembleia da Rep\u00fablica.<\/p>\n\n\n\n<p>A defesa dos interesses dos grandes empres\u00e1rios da m\u00fasica n\u00e3o correspondeu, contudo, \u00e0 satisfa\u00e7\u00e3o das reivindica\u00e7\u00f5es dos profissionais da cultura. No in\u00edcio de mar\u00e7o, come\u00e7aram a ser adiados ou cancelados espet\u00e1culos na sequ\u00eancia das medidas de conting\u00eancia definidas pelas autoridades para tentar travar a propaga\u00e7\u00e3o da covid-19. Segundo um inqu\u00e9rito promovido pelo sindicato CENA-STE, e cujos resultados foram anunciados no in\u00edcio de abril, 98% dos trabalhadores de espet\u00e1culos viram trabalhos cancelados, dos quais um ter\u00e7o por mais de 30 dias.<\/p>\n\n\n\n<p>Em termos financeiros, para as 1300 pessoas que responderam ao question\u00e1rio, as perdas por trabalhos cancelados representam dois milh\u00f5es de euros, apenas para o per\u00edodo de mar\u00e7o a maio deste ano, de acordo com o CENA-STE (o que indica a perda de um valor m\u00e9dio de receita, por trabalhador, de cerca de 1.500 euros). O inqu\u00e9rito, realizado j\u00e1 na segunda quinzena de Mar\u00e7o, no contexto de confinamento, em resposta \u00e0 pandemia de covid-19, indicava ainda que 85% dos trabalhadores questionados s\u00e3o independentes e n\u00e3o t\u00eam qualquer protec\u00e7\u00e3o laboral.<\/p>\n","protected":false},"excerpt":{"rendered":"<p>Por todo o pa\u00eds, s\u00e3o muitas as iniciativas culturais a decorrer este ver\u00e3o, numa pan\u00f3plia de espet\u00e1culos que ajudam a romper o isolamento social e a debelar a crise no setor da Cultura. Desde que acabou o confinamento, foram muitas as atividades culturais que regressaram \u00e0s salas de espet\u00e1culo e \u00e0s ruas e jardins, para &hellip; <a href=\"https:\/\/vozoperario.pt\/jornal\/2020\/08\/19\/volta-a-soar-musica-nos-palcos-nacionais\/\" class=\"more-link\">Continue reading <span class=\"screen-reader-text\">Volta a soar m\u00fasica nos palcos nacionais<\/span><\/a><\/p>\n","protected":false},"author":153,"featured_media":3828,"comment_status":"closed","ping_status":"closed","sticky":false,"template":"","format":"standard","meta":[],"categories":[48],"tags":[],"coauthors":[89],"acf":[],"_links":{"self":[{"href":"https:\/\/vozoperario.pt\/jornal\/wp-json\/wp\/v2\/posts\/3827"}],"collection":[{"href":"https:\/\/vozoperario.pt\/jornal\/wp-json\/wp\/v2\/posts"}],"about":[{"href":"https:\/\/vozoperario.pt\/jornal\/wp-json\/wp\/v2\/types\/post"}],"author":[{"embeddable":true,"href":"https:\/\/vozoperario.pt\/jornal\/wp-json\/wp\/v2\/users\/153"}],"replies":[{"embeddable":true,"href":"https:\/\/vozoperario.pt\/jornal\/wp-json\/wp\/v2\/comments?post=3827"}],"version-history":[{"count":3,"href":"https:\/\/vozoperario.pt\/jornal\/wp-json\/wp\/v2\/posts\/3827\/revisions"}],"predecessor-version":[{"id":3914,"href":"https:\/\/vozoperario.pt\/jornal\/wp-json\/wp\/v2\/posts\/3827\/revisions\/3914"}],"wp:featuredmedia":[{"embeddable":true,"href":"https:\/\/vozoperario.pt\/jornal\/wp-json\/wp\/v2\/media\/3828"}],"wp:attachment":[{"href":"https:\/\/vozoperario.pt\/jornal\/wp-json\/wp\/v2\/media?parent=3827"}],"wp:term":[{"taxonomy":"category","embeddable":true,"href":"https:\/\/vozoperario.pt\/jornal\/wp-json\/wp\/v2\/categories?post=3827"},{"taxonomy":"post_tag","embeddable":true,"href":"https:\/\/vozoperario.pt\/jornal\/wp-json\/wp\/v2\/tags?post=3827"},{"taxonomy":"author","embeddable":true,"href":"https:\/\/vozoperario.pt\/jornal\/wp-json\/wp\/v2\/coauthors?post=3827"}],"curies":[{"name":"wp","href":"https:\/\/api.w.org\/{rel}","templated":true}]}}