{"id":3787,"date":"2020-08-06T13:56:51","date_gmt":"2020-08-06T13:56:51","guid":{"rendered":"https:\/\/vozoperario.pt\/jornal\/?p=3787"},"modified":"2020-08-06T13:56:54","modified_gmt":"2020-08-06T13:56:54","slug":"ferias-num-tempo-diferente","status":"publish","type":"post","link":"https:\/\/vozoperario.pt\/jornal\/2020\/08\/06\/ferias-num-tempo-diferente\/","title":{"rendered":"F\u00e9rias num tempo diferente"},"content":{"rendered":"\n<p>Estamos no per\u00edodo de f\u00e9rias, desta vez um tanto diferente e estranho, sendo que mesmo assim a nossa atividade prossegue. Apesar de vivermos um tempo algo conturbado, com muitas incertezas, n\u00e3o \u00e9 demais enaltecer a capacidade demonstrada pela Voz do Oper\u00e1rio, pelos seus trabalhadores, para que tenhamos dado e continuemos a dar a melhor resposta, dentro dos naturais condicionalismos.<\/p>\n\n\n\n<p>Importa fazer um pequeno balan\u00e7o do trabalho at\u00e9 aqui desenvolvido, bem como do que se projeta para os pr\u00f3ximos meses, incluindo o novo ano letivo.<\/p>\n\n\n\n<p>At\u00e9 meados de mar\u00e7o, a nossa atividade decorreu com toda a normalidade, num rumo de crescimento face ao ano anterior, de acordo com o previsto no plano de atividades e or\u00e7amento que havia sido aprovado pelos s\u00f3cios na assembleia geral de novembro.<\/p>\n\n\n\n<p>Demos grande relev\u00e2ncia \u00e0 comemora\u00e7\u00e3o do 137\u00ba anivers\u00e1rio da Institui\u00e7\u00e3o, bem como ao encerramento das comemora\u00e7\u00f5es do 140\u00ba anivers\u00e1rio do Jornal, que incluiu a inaugura\u00e7\u00e3o de um painel alusivo \u00e0 efem\u00e9ride no exterior do edif\u00edcio sede.<\/p>\n\n\n\n<p>Depois fomos todos surpreendidos pela pandemia, que nos for\u00e7ou a algo de novo, em que com uma grande capacidade de adapta\u00e7\u00e3o, fomos capazes de dar a melhor resposta naquelas condi\u00e7\u00f5es adversas.<\/p>\n\n\n\n<p>Mesmo com os equipamentos educativos encerrados, procur\u00e1mos garantir que as nossas crian\u00e7as, nos v\u00e1rios n\u00edveis de ensino, n\u00e3o ficassem desacompanhadas, tendo sido implementadas estrat\u00e9gias de envolvimento \u00e0 dist\u00e2ncia, procurando reproduzir tanto quanto poss\u00edvel as din\u00e2micas de sala.<\/p>\n\n\n\n<p>O apoio domicili\u00e1rio e o refeit\u00f3rio social mantiveram a sua atividade normal, tendo sido facultada refei\u00e7\u00e3o nas suas resid\u00eancias aos utentes do Centro de Conv\u00edvio.<\/p>\n\n\n\n<p>As val\u00eancias de creche e pr\u00e9-escolar foram aos poucos retomando a sua atividade presencial, tendo naturalmente sido tomadas as necess\u00e1rias medias com vista ao desenvolvimento de condi\u00e7\u00f5es de seguran\u00e7a sanit\u00e1ria, tanto para as crian\u00e7as, como para os trabalhadores.<\/p>\n\n\n\n<p>Os 1\u00ba e 2\u00ba ciclos, terminaram o ano letivo com ensino acompanhado \u00e0 dist\u00e2ncia, esperando-se que o novo ano letivo se possa iniciar j\u00e1 com a presen\u00e7a dos alunos nos respetivos equipamentos educativos.<\/p>\n\n\n\n<p>As atividades associativas foram igualmente surpreendidas pelo confinamento, quando j\u00e1 se tinham iniciado os trabalhos de prepara\u00e7\u00e3o da participa\u00e7\u00e3o nas festas populares de Lisboa. Mesmo assim ainda houve alguns apontamentos de evoca\u00e7\u00e3o da nossa Marcha Infantil e noutro \u00e2mbito, organizamos algumas \u201cpetiscadas populares\u201d, naturalmente cumprindo todos os condicionalismos legais e sanit\u00e1rios.<\/p>\n\n\n\n<p>A fase de desconfinamento vem decorrendo sem grandes sobressaltos e aos poucos a vida na Institui\u00e7\u00e3o vai retomando a sua normalidade.<\/p>\n\n\n\n<p>Neste per\u00edodo de f\u00e9rias, e apesar dos constrangimentos provocados pela pandemia, prosseguiram as nossas atividades, designadamente a ida organizada de crian\u00e7as e jovens \u00e0 praia e os servi\u00e7os de alimenta\u00e7\u00e3o e apoio prestados a Juntas de Freguesia de Lisboa.<\/p>\n\n\n\n<p>Celebramos um protocolo com a C\u00e2mara Municipal de Lisboa, a vigorar at\u00e9 dezembro, para o fornecimento de 300 refei\u00e7\u00f5es di\u00e1rias no \u00e2mbito da resposta social alimentar.<\/p>\n\n\n\n<p>Prosseguiu a prepara\u00e7\u00e3o do novo ano letivo, tendo as inscri\u00e7\u00f5es para todos os n\u00edveis: creche, pr\u00e9-escolar, 1\u00ba ciclo e 2\u00ba ciclo, registado apesar de tudo um grande volume, havendo v\u00e1rias val\u00eancias esgotadas e com lista de espera.<\/p>\n\n\n\n<p>Mesmo assim ainda restam umas tantas vagas, pelo que todos os s\u00f3cios e amigos que tenham crian\u00e7as em condi\u00e7\u00f5es de frequentar os nossos equipamentos devem contactar os servi\u00e7os para averiguar da possibilidade da sua matr\u00edcula na Voz do Oper\u00e1rio.<\/p>\n\n\n\n<p>Em setembro iremos ter nos diferentes equipamentos educativos, iniciativas de abertura do novo ano letivo.<\/p>\n\n\n\n<p>De dentre as a\u00e7\u00f5es previstas, destacamos ao n\u00edvel cultural a realiza\u00e7\u00e3o a 8 de novembro da 4\u00aa Gala de Fado da Voz do Oper\u00e1rio, mais uma vez com um elenco de grandes fadistas, dando assim continuidade ao elevado \u00eaxito e prest\u00edgio alcan\u00e7ado com a realiza\u00e7\u00e3o das anteriores Galas.<\/p>\n\n\n\n<p>Est\u00e1 igualmente prevista a realiza\u00e7\u00e3o de outros grandes eventos culturais, designadamente os festivais de tango e flamengo, um encontro de jazz e a comemora\u00e7\u00e3o dos 250 de Beethoven.<\/p>\n\n\n\n<p>Ap\u00f3s mais um ano de muito trabalho, parte dele em moldes bem diferentes e de acrescida exig\u00eancia, c\u00e1 est\u00e3o de novo as f\u00e9rias, bem merecidas por todos e que fa\u00e7o votos sejam muito boas para al\u00e9m de suficientemente retemperadoras.<\/p>\n","protected":false},"excerpt":{"rendered":"<p>Estamos no per\u00edodo de f\u00e9rias, desta vez um tanto diferente e estranho, sendo que mesmo assim a nossa atividade prossegue. Apesar de vivermos um tempo algo conturbado, com muitas incertezas, n\u00e3o \u00e9 demais enaltecer a capacidade demonstrada pela Voz do Oper\u00e1rio, pelos seus trabalhadores, para que tenhamos dado e continuemos a dar a melhor resposta, &hellip; <a href=\"https:\/\/vozoperario.pt\/jornal\/2020\/08\/06\/ferias-num-tempo-diferente\/\" class=\"more-link\">Continue reading <span class=\"screen-reader-text\">F\u00e9rias num tempo diferente<\/span><\/a><\/p>\n","protected":false},"author":10,"featured_media":61,"comment_status":"closed","ping_status":"closed","sticky":false,"template":"","format":"standard","meta":[],"categories":[43],"tags":[],"coauthors":[84],"acf":[],"_links":{"self":[{"href":"https:\/\/vozoperario.pt\/jornal\/wp-json\/wp\/v2\/posts\/3787"}],"collection":[{"href":"https:\/\/vozoperario.pt\/jornal\/wp-json\/wp\/v2\/posts"}],"about":[{"href":"https:\/\/vozoperario.pt\/jornal\/wp-json\/wp\/v2\/types\/post"}],"author":[{"embeddable":true,"href":"https:\/\/vozoperario.pt\/jornal\/wp-json\/wp\/v2\/users\/10"}],"replies":[{"embeddable":true,"href":"https:\/\/vozoperario.pt\/jornal\/wp-json\/wp\/v2\/comments?post=3787"}],"version-history":[{"count":2,"href":"https:\/\/vozoperario.pt\/jornal\/wp-json\/wp\/v2\/posts\/3787\/revisions"}],"predecessor-version":[{"id":3789,"href":"https:\/\/vozoperario.pt\/jornal\/wp-json\/wp\/v2\/posts\/3787\/revisions\/3789"}],"wp:featuredmedia":[{"embeddable":true,"href":"https:\/\/vozoperario.pt\/jornal\/wp-json\/wp\/v2\/media\/61"}],"wp:attachment":[{"href":"https:\/\/vozoperario.pt\/jornal\/wp-json\/wp\/v2\/media?parent=3787"}],"wp:term":[{"taxonomy":"category","embeddable":true,"href":"https:\/\/vozoperario.pt\/jornal\/wp-json\/wp\/v2\/categories?post=3787"},{"taxonomy":"post_tag","embeddable":true,"href":"https:\/\/vozoperario.pt\/jornal\/wp-json\/wp\/v2\/tags?post=3787"},{"taxonomy":"author","embeddable":true,"href":"https:\/\/vozoperario.pt\/jornal\/wp-json\/wp\/v2\/coauthors?post=3787"}],"curies":[{"name":"wp","href":"https:\/\/api.w.org\/{rel}","templated":true}]}}