{"id":3769,"date":"2020-08-06T13:15:50","date_gmt":"2020-08-06T13:15:50","guid":{"rendered":"https:\/\/vozoperario.pt\/jornal\/?p=3769"},"modified":"2020-08-06T13:15:53","modified_gmt":"2020-08-06T13:15:53","slug":"obra-fonografica-de-jose-afonso-vai-ser-classificada-de-interesse-nacional","status":"publish","type":"post","link":"https:\/\/vozoperario.pt\/jornal\/2020\/08\/06\/obra-fonografica-de-jose-afonso-vai-ser-classificada-de-interesse-nacional\/","title":{"rendered":"Obra fonogra\u0301fica de Jose\u0301 Afonso vai ser classificada de interesse nacional"},"content":{"rendered":"\n<p>Esta \u00e9 a primeira vez que a obra fonogr\u00e1fica de um autor \u00e9 classificada como \u201cconjunto de bens m\u00f3veis de interesse nacional\u201d, revelou o Minist\u00e9rio da Cultura.  O Minist\u00e9rio da Cultura vai abrir um processo de classifica\u00e7\u00e3o da obra fonogr\u00e1fica do m\u00fasico e cantor Jos\u00e9 Afonso, como \u201cconjunto de bens m\u00f3veis de interesse nacional\u201d. <\/p>\n\n\n\n<p>Trata-se da primeira vez que a Dire\u00e7\u00e3o-Geral do Patrim\u00f3nio Cultural (DGPC) inicia um processo de classifica\u00e7\u00e3o de uma obra fonogr\u00e1fica, revelou o Minist\u00e9rio da Cultura em comunicado emitido na v\u00e9spera de se assinalar o 91.o anivers\u00e1rio do nascimento de Jos\u00e9 Afonso. <\/p>\n\n\n\n<p>Segundo a tutela, abre-se um precedente para que \u201cqualquer cidad\u00e3o possa, a partir de agora, propor a classifica\u00e7\u00e3o de um bem ou de um conjunto de bens fonogr\u00e1ficos\u201d, numa estrat\u00e9gia para o patrim\u00f3nio sonoro que visa \u201ca cria\u00e7\u00e3o de bases legais e t\u00e9cnicas relativas ao patrim\u00f3nio sonoro, como \u00e9 o caso do Arquivo Nacional do Som\u201d. <\/p>\n\n\n\n<p>A decis\u00e3o anunciada surge um ano depois de o parlamento ter aprovado um projeto de resolu\u00e7\u00e3o do PCP que recomendava ao governo a classifica\u00e7\u00e3o da obra de Jos\u00e9 Afonso como de interesse nacional, com vista \u00e0 sua reedi\u00e7\u00e3o e divulga\u00e7\u00e3o. <\/p>\n\n\n\n<p>Na altura, a fam\u00edlia de Jos\u00e9 Afonso, detentora dos direitos da obra musical, manifestou o apoio \u00e0 classifica\u00e7\u00e3o da obra, e a Associa\u00e7\u00e3o Jos\u00e9 Afonso (AJA) reuniu mais de 11 mil assinaturas numa peti\u00e7\u00e3o p\u00fablica que apelava \u00e0 mesma decis\u00e3o. <\/p>\n\n\n\n<p>Ainda em 2019, a ministra da Cultura, Gra\u00e7a Fonseca, afirmava que o processo de classifica\u00e7\u00e3o n\u00e3o se iniciou mais cedo, por n\u00e3o existir acesso \u00e0s \u2018masters\u2019\ne ao conte\u00fado das grava\u00e7\u00f5es originais de Jos\u00e9 Afonso.\n<\/p>\n\n\n\n<p>A situa\u00e7\u00e3o foi caraterizada por Francisco Fanhais, presidente da AJA, como de um \u201cimbr\u00f3glio jur\u00eddico\u201d resultante da fal\u00eancia de algumas das editoras discogr\u00e1ficas de Jos\u00e9 Afonso, que comprometiam a sua reedi\u00e7\u00e3o. <\/p>\n\n\n\n<p>Jos\u00e9 Manuel Cerqueira Afonso dos Santos, tamb\u00e9m\nconhecido por Zeca Afonso, foi uma figura maior da\ncultura portuguesa e, simultaneamente, um cidad\u00e3o\ncivicamente empenhado antes e depois do 25 de Abril,\nlutador pela liberdade, democracia e justi\u00e7a social.\n<\/p>\n\n\n\n<p>Jos\u00e9 Afonso nasceu em 2 de agosto de 1929 em Aveiro e come\u00e7ou a cantar enquanto estudante em Coimbra, tendo gravado os primeiros discos no in\u00edcio dos anos 1950 com fados de Coimbra, editado pela Alvorada, \u201cdos quais n\u00e3o existem hoje exemplares\u201d, refere a associa\u00e7\u00e3o na biografia oficial do m\u00fasico. <\/p>\n\n\n\n<p>\u201cVoz de um povo sofrido, voz de den\u00fancia, voz de in- quietude. Voz sinete da revolu\u00e7\u00e3o de Abril\u201d, como descreve a AJA, Jos\u00e9 Afonso gravou \u00e1lbuns como \u201cCantares do Andarilho\u201d, \u201cTraz Outro Amigo Tamb\u00e9m\u201d, \u201cCantigas do Maio\u201d, \u201cVenham Mais Cinco\u201d e \u201cCoro dos Tribunais\u201d. <\/p>\n\n\n\n<p>Autor de \u201cGr\u00e2ndola, Vila Morena\u201d, uma das can\u00e7\u00f5es escolhidas para anunciar a revolu\u00e7\u00e3o de Abril de 1974, Jos\u00e9 Afonso morreu a 23 de fevereiro de 1987, em Set\u00fabal, de esclerose lateral amiotr\u00f3fica, diagnosticada cinco anos antes. <\/p>\n\n\n\n<p>No dia em que Jos\u00e9 Afonso completaria 91 anos foi\ndescerrada uma est\u00e1tua em tamanho real do cantautor\nem Belmonte, por l\u00e1 ter vivido em jovem.\n<\/p>\n","protected":false},"excerpt":{"rendered":"<p>Esta \u00e9 a primeira vez que a obra fonogr\u00e1fica de um autor \u00e9 classificada como \u201cconjunto de bens m\u00f3veis de interesse nacional\u201d, revelou o Minist\u00e9rio da Cultura. O Minist\u00e9rio da Cultura vai abrir um processo de classifica\u00e7\u00e3o da obra fonogr\u00e1fica do m\u00fasico e cantor Jos\u00e9 Afonso, como \u201cconjunto de bens m\u00f3veis de interesse nacional\u201d. Trata-se &hellip; <a href=\"https:\/\/vozoperario.pt\/jornal\/2020\/08\/06\/obra-fonografica-de-jose-afonso-vai-ser-classificada-de-interesse-nacional\/\" class=\"more-link\">Continue reading <span class=\"screen-reader-text\">Obra fonogra\u0301fica de Jose\u0301 Afonso vai ser classificada de interesse nacional<\/span><\/a><\/p>\n","protected":false},"author":153,"featured_media":3770,"comment_status":"closed","ping_status":"closed","sticky":false,"template":"","format":"standard","meta":[],"categories":[48],"tags":[],"coauthors":[89],"acf":[],"_links":{"self":[{"href":"https:\/\/vozoperario.pt\/jornal\/wp-json\/wp\/v2\/posts\/3769"}],"collection":[{"href":"https:\/\/vozoperario.pt\/jornal\/wp-json\/wp\/v2\/posts"}],"about":[{"href":"https:\/\/vozoperario.pt\/jornal\/wp-json\/wp\/v2\/types\/post"}],"author":[{"embeddable":true,"href":"https:\/\/vozoperario.pt\/jornal\/wp-json\/wp\/v2\/users\/153"}],"replies":[{"embeddable":true,"href":"https:\/\/vozoperario.pt\/jornal\/wp-json\/wp\/v2\/comments?post=3769"}],"version-history":[{"count":2,"href":"https:\/\/vozoperario.pt\/jornal\/wp-json\/wp\/v2\/posts\/3769\/revisions"}],"predecessor-version":[{"id":3772,"href":"https:\/\/vozoperario.pt\/jornal\/wp-json\/wp\/v2\/posts\/3769\/revisions\/3772"}],"wp:featuredmedia":[{"embeddable":true,"href":"https:\/\/vozoperario.pt\/jornal\/wp-json\/wp\/v2\/media\/3770"}],"wp:attachment":[{"href":"https:\/\/vozoperario.pt\/jornal\/wp-json\/wp\/v2\/media?parent=3769"}],"wp:term":[{"taxonomy":"category","embeddable":true,"href":"https:\/\/vozoperario.pt\/jornal\/wp-json\/wp\/v2\/categories?post=3769"},{"taxonomy":"post_tag","embeddable":true,"href":"https:\/\/vozoperario.pt\/jornal\/wp-json\/wp\/v2\/tags?post=3769"},{"taxonomy":"author","embeddable":true,"href":"https:\/\/vozoperario.pt\/jornal\/wp-json\/wp\/v2\/coauthors?post=3769"}],"curies":[{"name":"wp","href":"https:\/\/api.w.org\/{rel}","templated":true}]}}