{"id":3629,"date":"2020-06-15T09:18:36","date_gmt":"2020-06-15T09:18:36","guid":{"rendered":"https:\/\/vozoperario.pt\/jornal\/?p=3629"},"modified":"2020-06-15T09:35:47","modified_gmt":"2020-06-15T09:35:47","slug":"retorno-a-normalidade-e-novo-ano-letivo","status":"publish","type":"post","link":"https:\/\/vozoperario.pt\/jornal\/2020\/06\/15\/retorno-a-normalidade-e-novo-ano-letivo\/","title":{"rendered":"Retorno a\u0300 normalidade e novo ano letivo"},"content":{"rendered":"\n<p>No dia 1 de junho, por sinal dia internacional da crian\u00e7a, foi dado mais um passo no regresso \u00e0 atividade normal da Voz do Oper\u00e1rio, tendo a val\u00eancia pr\u00e9-escolar retomado a sua atividade presencial, acompanhando assim a Creche, cujas crian\u00e7as tamb\u00e9m regressaram aos equipamentos da Voz do Oper\u00e1rio a partir de 18 de maio. <\/p>\n\n\n\n<p>Quanto ao 1\u00ba ciclo e 2\u00ba ciclo, v\u00e3o terminar o ano letivo nos atuais moldes de ensino acompanhado \u00e0 dist\u00e2ncia, esperando-se que o pr\u00f3ximo ano letivo se possa iniciar j\u00e1 com a presen\u00e7a dos alunos nos respetivos equipamentos educativos. <\/p>\n\n\n\n<p>A Voz do Oper\u00e1rio tomou uma s\u00e9rie de medias com vista ao desenvolvimento de condi\u00e7\u00f5es de seguran\u00e7a sanit\u00e1ria para as crian\u00e7as e os trabalhadores, sendo que no caso da comunidade que envolve a Voz do Oper\u00e1rio n\u00e3o tivemos, felizmente, not\u00edcia de nenhuma situa\u00e7\u00e3o mais preocupante. <\/p>\n\n\n\n<p>Mesmo quando os equipamentos educativos estiveram encerrados, procur\u00e1mos garantir que as nossas crian\u00e7as, nos v\u00e1rios n\u00edveis de ensino, n\u00e3o ficassem desacompanhadas. Nesse sentido, foram implementadas estrat\u00e9gias tendo em vista o apoio \u00e0s fam\u00edlias e o acompanhamento dos alunos atrav\u00e9s da apresenta\u00e7\u00e3o de propostas de trabalho, tarefas, etc. procurando reproduzir tanto quanto poss\u00edvel as din\u00e2micas de sala e tentando garantir que o percurso e progresso de cada crian\u00e7a na constru\u00e7\u00e3o individual do curr\u00edculo ficasse o menos poss\u00edvel prejudicada. <\/p>\n\n\n\n<p>Recorde-se que as val\u00eancias de apoio domicili\u00e1rio e refeit\u00f3rio social mantiveram a sua atividade normal durante todo este per\u00edodo, ao mesmo tempo que aos utentes do Centro de Conv\u00edvio, que deixaram de poder frequentar as instala\u00e7\u00f5es da Voz do Oper\u00e1rio, foi-lhes facultada a refei\u00e7\u00e3o nas suas resid\u00eancias. <\/p>\n\n\n\n<p>Importa aqui enaltecer o papel dos trabalhadores da Voz do Oper\u00e1rio, designadamente os que mantiveram a sua atividade presencial e os que mesmo \u00e0 dist\u00e2ncia acompanharam as nossas crian\u00e7as, com grande afeto e qualidades pedag\u00f3gicas, patenteando todos uma grande dedica\u00e7\u00e3o e empenho, totalmente imbu\u00eddos no esp\u00edrito da Voz do Oper\u00e1rio. <\/p>\n\n\n\n<p>Tamb\u00e9m as atividades associativas est\u00e3o em fase de desconfinamento, sendo que vamos mantendo os s\u00f3cios informados relativamente \u00e0 sua reabertura paulatina, naturalmente dentro dos condicionalismos a cada momento existentes e acautelando os cuidados sanit\u00e1rios que v\u00e3o sendo aconselhados.<\/p>\n\n\n\n<p>A Assembleia Geral que havia sido\nadiada devido \u00e0 pandemia da Covid19,\nfoi agora reagendada para o pr\u00f3ximo dia\n25, na qual vamos submeter aos s\u00f3cios\no Relat\u00f3rio de Atividade e as Contas de\n2019, bem como debater a situa\u00e7\u00e3o atual\ne as perspetivas para o pr\u00f3ximo futuro.\n<\/p>\n\n\n\n<p>Apelamos aos s\u00f3cios que participem na Assembleia, local privilegiado para se inteirarmos da situa\u00e7\u00e3o da Voz do Oper\u00e1rio e dar o seu contributo com vista \u00e0 sua atividade futura. <\/p>\n\n\n\n<p>Por outro lado, est\u00e3o em curso em inscri\u00e7\u00f5es para o pr\u00f3ximo ano letivo, sendo que as mesmas decorrem a bom ritmo, havendo j\u00e1 algumas val\u00eancias esgotadas e com fila de espera. Todavia, outras h\u00e1 em que ainda existem vagas, pelo que apelamos aos s\u00f3cios e a todos que tenham crian\u00e7as, que verifiquem se t\u00eam lugar e as inscrevam na Voz do Oper\u00e1rio. <\/p>\n\n\n\n<p>Apesar das atuais conting\u00eancias e tamb\u00e9m por causa delas, a prepara\u00e7\u00e3o do novo ano letivo reveste-se de uma import\u00e2ncia a crescida, com todo o trabalho preparat\u00f3rio, desde os aspetos pedag\u00f3gicos \u00e0 afeta\u00e7\u00e3o de meios, incluindo os novos procedimentos sanit\u00e1rios, de molde a que tudo esteja pronto para um bom arranque e para que o ano letivo se possa desenrolar com todo o \u00eaxito. <\/p>\n\n\n\n<p>Importa reafirmar que o projeto educativo da Voz do Oper\u00e1rio assenta na constru\u00e7\u00e3o de uma escola democr\u00e1tica em que a perspetiva sociocultural da educa\u00e7\u00e3o assume cada vez mais um papel de refer\u00eancia e destaque, designadamente na aceita\u00e7\u00e3o generalizada de uma vis\u00e3o dos processos escolares de ensino e aprendizagem apoiada nas teorias socioconstrutivistas, em que a constru\u00e7\u00e3o do conhecimento \u00e9 concebida como um processo de co-constru\u00e7\u00e3o, com um car\u00e1cter intrinsecamente social, interpessoal e comunicativo. <\/p>\n\n\n\n<p>Deste modo, a constru\u00e7\u00e3o do conhecimento \u00e9 entendida como um processo de intera\u00e7\u00e3o social compartilhado entre os diferentes atores, onde a sala de aula \u00e9 um meio privilegiado para a participa\u00e7\u00e3o dos alunos em pr\u00e1ticas culturalmente organizadas com ferramentas e conte\u00fados culturais. <\/p>\n","protected":false},"excerpt":{"rendered":"<p>No dia 1 de junho, por sinal dia internacional da crian\u00e7a, foi dado mais um passo no regresso \u00e0 atividade normal da Voz do Oper\u00e1rio, tendo a val\u00eancia pr\u00e9-escolar retomado a sua atividade presencial, acompanhando assim a Creche, cujas crian\u00e7as tamb\u00e9m regressaram aos equipamentos da Voz do Oper\u00e1rio a partir de 18 de maio. Quanto &hellip; <a href=\"https:\/\/vozoperario.pt\/jornal\/2020\/06\/15\/retorno-a-normalidade-e-novo-ano-letivo\/\" class=\"more-link\">Continue reading <span class=\"screen-reader-text\">Retorno a\u0300 normalidade e novo ano letivo<\/span><\/a><\/p>\n","protected":false},"author":10,"featured_media":2561,"comment_status":"closed","ping_status":"closed","sticky":false,"template":"","format":"standard","meta":[],"categories":[43],"tags":[],"coauthors":[84],"acf":[],"_links":{"self":[{"href":"https:\/\/vozoperario.pt\/jornal\/wp-json\/wp\/v2\/posts\/3629"}],"collection":[{"href":"https:\/\/vozoperario.pt\/jornal\/wp-json\/wp\/v2\/posts"}],"about":[{"href":"https:\/\/vozoperario.pt\/jornal\/wp-json\/wp\/v2\/types\/post"}],"author":[{"embeddable":true,"href":"https:\/\/vozoperario.pt\/jornal\/wp-json\/wp\/v2\/users\/10"}],"replies":[{"embeddable":true,"href":"https:\/\/vozoperario.pt\/jornal\/wp-json\/wp\/v2\/comments?post=3629"}],"version-history":[{"count":5,"href":"https:\/\/vozoperario.pt\/jornal\/wp-json\/wp\/v2\/posts\/3629\/revisions"}],"predecessor-version":[{"id":3634,"href":"https:\/\/vozoperario.pt\/jornal\/wp-json\/wp\/v2\/posts\/3629\/revisions\/3634"}],"wp:featuredmedia":[{"embeddable":true,"href":"https:\/\/vozoperario.pt\/jornal\/wp-json\/wp\/v2\/media\/2561"}],"wp:attachment":[{"href":"https:\/\/vozoperario.pt\/jornal\/wp-json\/wp\/v2\/media?parent=3629"}],"wp:term":[{"taxonomy":"category","embeddable":true,"href":"https:\/\/vozoperario.pt\/jornal\/wp-json\/wp\/v2\/categories?post=3629"},{"taxonomy":"post_tag","embeddable":true,"href":"https:\/\/vozoperario.pt\/jornal\/wp-json\/wp\/v2\/tags?post=3629"},{"taxonomy":"author","embeddable":true,"href":"https:\/\/vozoperario.pt\/jornal\/wp-json\/wp\/v2\/coauthors?post=3629"}],"curies":[{"name":"wp","href":"https:\/\/api.w.org\/{rel}","templated":true}]}}