{"id":3284,"date":"2020-04-02T15:13:42","date_gmt":"2020-04-02T15:13:42","guid":{"rendered":"https:\/\/vozoperario.pt\/jornal\/?p=3284"},"modified":"2020-04-02T15:13:46","modified_gmt":"2020-04-02T15:13:46","slug":"homens-animais-e-um-aeroporto","status":"publish","type":"post","link":"https:\/\/vozoperario.pt\/jornal\/2020\/04\/02\/homens-animais-e-um-aeroporto\/","title":{"rendered":"\u2026homens, animais e um aeroporto"},"content":{"rendered":"\n<p> Para al\u00e9m do terreno que as suportam e de todos os edif\u00edcios que sobre ele os homens constru\u00edram, as cidades s\u00e3o tamb\u00e9m habitat de outros seres vivos, sejam eles animais ou vegetais.<br>Dizia um velho dos que se re\u00fanem no jardim do meu bairro: antigamente, nas \u00e1rvores que h\u00e1 nas traseiras do pr\u00e9dio onde vivo, havia muitos e variados p\u00e1ssaros e especialmente muitos melros e era um encanto ouvi-los\u2026 mas hoje j\u00e1 l\u00e1 n\u00e3o ou\u00e7o, nem vejo, quase nenhum e o que agora l\u00e1 h\u00e1 s\u00e3o uns passar\u00f5es, enormes e agressivos que tomaram conta de todas as \u00e1rvores e que se diz terem vindo de \u00c1frica ou do Brasil. \u00c9 o aquecimento global, n\u00e3o h\u00e1 nada a fazer, sentenciou um outro velho, mas o pior aqui no bairro s\u00e3o os pombos, sujam tudo, estragam a pintura dos carros e at\u00e9 trazem doen\u00e7as. Acrescentou um terceiro que o pior do bairro era o barulho dos avi\u00f5es e exprimiu o receio de que qualquer dia lhes ca\u00edsse um em cima\u2026<\/p>\n\n\n\n<p>O que qualquer deles quereria dizer \u00e9 que existe uma rela\u00e7\u00e3o vivencial entre os homens e os animais que os rodeiam nas cidades, nas vilas, nas aldeias e at\u00e9 nos campos e que essa rela\u00e7\u00e3o se pode tornar conflituosa quando o n\u00famero destes atinge o n\u00edvel de praga, seja de ratos (s\u00e3o muitas as C\u00e2maras que se v\u00eam obrigadas a incluir nos seus or\u00e7amentos verbas para a luta anti muri\u00e1tica) seja de baratas, de c\u00e3es vadios ou de destruidores javalis, mas que essa rela\u00e7\u00e3o tamb\u00e9m pode conduzir \u00e0 solidariedade e ao respeito vertidos na Declara\u00e7\u00e3o dos Direitos dos Animais. Trata-se de uma rela\u00e7\u00e3o din\u00e2mica que se adapta constantemente a tempos e s\u00edtios quando ocorrem altera\u00e7\u00f5es naturais de habitats ou se est\u00e1 perante transforma\u00e7\u00f5es territoriais, consequ\u00eancia de obras de engenharia.<\/p>\n\n\n\n<p>D\u00e3o que pensar e suscitam interroga\u00e7\u00f5es exemplos ocorridos entre n\u00f3s: porque \u00e9 que as aves, por instinto de sobreviv\u00eancia, n\u00e3o se afastam dos mais barulhentos aeroportos e para seguran\u00e7a das aeronaves \u00e9 necess\u00e1rio faz\u00ea-lo? Porque \u00e9 que a Ponte Vasco da Gama, acusada de impacto ambiental negativo permite hoje que novos e velhos se maravilhem com a plumagem dos flamingos que l\u00e1 pousam, indiferentes \u00e0 passagem de milhares de autom\u00f3veis? Ou que, um pouco mais adiante, ao longo das estradas que v\u00e3o para o Sul, estimadas cegonhas se adaptem \u00e0 modernidade e coloquem os seus ninhos em postes de alta tens\u00e3o em vez das torres das velhas igrejas?<\/p>\n\n\n\n<p>N\u00e3o restam d\u00favidas que hoje h\u00e1 na biosfera animais dom\u00e9sticos (os que vivem nas nossas casas), animais urbanos (os que vivem nas cidades e nos campos ordenados pelos homens) e animais selvagens (os que vivem em conson\u00e2ncia com a sua natureza, espalhados por todo o mundo ou em reservas ou em \u201csantu\u00e1rios\u201d) e esta constata\u00e7\u00e3o pode conduzir \u00e0 quest\u00e3o de avaliar at\u00e9 que ponto essa reparti\u00e7\u00e3o \u00e9 fr\u00e1gil perante uma transforma\u00e7\u00e3o r\u00e1pida e extensa de um s\u00edtio como, por exemplo, a constru\u00e7\u00e3o de um aeroporto numa zona que hoje se mostra equilibrada na conviv\u00eancia animal.<\/p>\n\n\n\n<p>N\u00e3o ser\u00e1 poss\u00edvel encontrar uma localiza\u00e7\u00e3o que se furte a interesses particulares e una valores nacionais e bem-estar local? H\u00e1 autarcas e t\u00e9cnicos que dizem que sim. <\/p>\n","protected":false},"excerpt":{"rendered":"<p>Para al\u00e9m do terreno que as suportam e de todos os edif\u00edcios que sobre ele os homens constru\u00edram, as cidades s\u00e3o tamb\u00e9m habitat de outros seres vivos, sejam eles animais ou vegetais.Dizia um velho dos que se re\u00fanem no jardim do meu bairro: antigamente, nas \u00e1rvores que h\u00e1 nas traseiras do pr\u00e9dio onde vivo, havia &hellip; <a href=\"https:\/\/vozoperario.pt\/jornal\/2020\/04\/02\/homens-animais-e-um-aeroporto\/\" class=\"more-link\">Continue reading <span class=\"screen-reader-text\">\u2026homens, animais e um aeroporto<\/span><\/a><\/p>\n","protected":false},"author":6,"featured_media":2643,"comment_status":"closed","ping_status":"closed","sticky":false,"template":"","format":"standard","meta":[],"categories":[52],"tags":[],"coauthors":[76],"acf":[],"_links":{"self":[{"href":"https:\/\/vozoperario.pt\/jornal\/wp-json\/wp\/v2\/posts\/3284"}],"collection":[{"href":"https:\/\/vozoperario.pt\/jornal\/wp-json\/wp\/v2\/posts"}],"about":[{"href":"https:\/\/vozoperario.pt\/jornal\/wp-json\/wp\/v2\/types\/post"}],"author":[{"embeddable":true,"href":"https:\/\/vozoperario.pt\/jornal\/wp-json\/wp\/v2\/users\/6"}],"replies":[{"embeddable":true,"href":"https:\/\/vozoperario.pt\/jornal\/wp-json\/wp\/v2\/comments?post=3284"}],"version-history":[{"count":4,"href":"https:\/\/vozoperario.pt\/jornal\/wp-json\/wp\/v2\/posts\/3284\/revisions"}],"predecessor-version":[{"id":3289,"href":"https:\/\/vozoperario.pt\/jornal\/wp-json\/wp\/v2\/posts\/3284\/revisions\/3289"}],"wp:featuredmedia":[{"embeddable":true,"href":"https:\/\/vozoperario.pt\/jornal\/wp-json\/wp\/v2\/media\/2643"}],"wp:attachment":[{"href":"https:\/\/vozoperario.pt\/jornal\/wp-json\/wp\/v2\/media?parent=3284"}],"wp:term":[{"taxonomy":"category","embeddable":true,"href":"https:\/\/vozoperario.pt\/jornal\/wp-json\/wp\/v2\/categories?post=3284"},{"taxonomy":"post_tag","embeddable":true,"href":"https:\/\/vozoperario.pt\/jornal\/wp-json\/wp\/v2\/tags?post=3284"},{"taxonomy":"author","embeddable":true,"href":"https:\/\/vozoperario.pt\/jornal\/wp-json\/wp\/v2\/coauthors?post=3284"}],"curies":[{"name":"wp","href":"https:\/\/api.w.org\/{rel}","templated":true}]}}