{"id":2793,"date":"2019-12-02T12:25:49","date_gmt":"2019-12-02T12:25:49","guid":{"rendered":"https:\/\/vozoperario.pt\/jornal\/?p=2793"},"modified":"2024-11-12T19:33:17","modified_gmt":"2024-11-12T19:33:17","slug":"a-alemanha-que-caiu-com-o-muro","status":"publish","type":"post","link":"https:\/\/vozoperario.pt\/jornal\/2019\/12\/02\/a-alemanha-que-caiu-com-o-muro\/","title":{"rendered":"A Alemanha que caiu com o muro"},"content":{"rendered":"\n<p>Quando passam tr\u00eas d\u00e9cadas do fim da barreira que ficou conhecida como Muro de Berlim, ainda n\u00e3o houve a oportunidade para olhar criticamente para a hist\u00f3ria das duas Alemanhas para al\u00e9m da narrativa paneg\u00edrica produzida pelo Ocidente.<\/p>\n\n\n\n<p>Depois de a barb\u00e1rie nazi ter mergulhado a Europa na mais brutal das guerras, a Alemanha \u00e9 derrotada com o avan\u00e7o das tropas sovi\u00e9ticas e aceita a rendi\u00e7\u00e3o incondicional. Com o objetivo de evitar o recrudescimento do fascismo, Fran\u00e7a, Reino Unido, Estados Unidos e Uni\u00e3o Sovi\u00e9tica ficam respons\u00e1veis, na Confer\u00eancia de Ialta, por controlar diferentes partes do pa\u00eds e decidem tamb\u00e9m dividir Berlim que estava dentro das regi\u00f5es sob administra\u00e7\u00e3o sovi\u00e9tica. Apesar de haver divis\u00f5es pol\u00edticas entre os aliados, todos concordavam, ent\u00e3o, com a ideia de construir uma Alemanha unificada com os objetivos de reconstruir o pa\u00eds, de democratiz\u00e1-lo e de desmilitariz\u00e1-lo.<\/p>\n\n\n\n<h2 class=\"wp-block-heading\">Quando o Ocidente n\u00e3o quis a reunifica\u00e7\u00e3o<\/h2>\n\n\n\n<p>Rapidamente, Estados Unidos, Fran\u00e7a e Reino Unido tomaram decis\u00f5es unilaterais sem o apoio da Uni\u00e3o Sovi\u00e9tica que aprofundaram a divis\u00e3o na Alemanha. Primeiro, introduziram o marco alem\u00e3o como moeda. De seguida, a Uni\u00e3o Sovi\u00e9tica prop\u00f4s um referendo para instalar um governo \u00fanico para todo o pa\u00eds com a meta de reunificar toda a Alemanha, em 1952, mas os Estados Unidos e os seus aliados europeus recusaram a proposta. Na \u00e9poca, um importante membro do Comit\u00e9 norte-americano para as Rela\u00e7\u00f5es Exteriores afirmou que o referendo podia conduzir a uma Alemanha \u201clivre, neutral e desmilitarizada\u201d algo que seria perigoso para os aliados ocidentais com a possibilidade do pa\u00eds cair na \u00f3rbita sovi\u00e9tica. Tamb\u00e9m o General Walter Smith, embaixador norte-americano em Moscovo entre 1946 e 1948, justificou a rejei\u00e7\u00e3o ao referendo. \u201cN\u00f3s n\u00e3o queremos de facto, nem pretendemos aceitar, a unifica\u00e7\u00e3o da Alemanha nos termos em que os russos podem vir a querer\u201d, declarou ent\u00e3o. Em vez de uma Alemanha unificada, os aliados ocidentais decidiram criar unilateralmente a Rep\u00fablica Federal Alem\u00e3 (RFA) em maio de 1949. Cinco meses depois, os sovi\u00e9ticos fizeram nascer a Rep\u00fablica Democrata Alem\u00e3 (RDA). Com o pa\u00eds dividido em duas partes, tamb\u00e9m Berlim continuou dividida em dois lados. Durante v\u00e1rios anos, a RFA orquestrou opera\u00e7\u00f5es de espionagem e sabotagem contra a RDA a partir de Berlim Ocidental. Foi com essa justifica\u00e7\u00e3o que em 1961 a RDA decidiu construir um muro a dividir a cidade &#8211; e n\u00e3o o pa\u00eds como muitos cr\u00eaem &#8211; alegando tamb\u00e9m que a RFA tinha permitido a reabilita\u00e7\u00e3o de muitas autoridades nazis que passaram a trabalhar nas institui\u00e7\u00f5es da Alemanha Ocidental.<\/p>\n\n\n\n<h2 class=\"wp-block-heading\">A RFA perdeu a guerra dos direitos sexuais e reprodutivos<\/h2>\n\n\n\n<figure class=\"wp-block-image\"><img decoding=\"async\" loading=\"lazy\" width=\"1024\" height=\"576\" src=\"https:\/\/vozoperario.pt\/jornal\/wp-content\/uploads\/2019\/12\/58d65062-7d06-4260-9c8a-f8a1cc5642ae_w1920_r1.7777777777777777_fpx34.45_fpy49.98-1024x576.jpg\" alt=\"\" class=\"wp-image-2823\" srcset=\"https:\/\/vozoperario.pt\/jornal\/wp-content\/uploads\/2019\/12\/58d65062-7d06-4260-9c8a-f8a1cc5642ae_w1920_r1.7777777777777777_fpx34.45_fpy49.98-1024x576.jpg 1024w, https:\/\/vozoperario.pt\/jornal\/wp-content\/uploads\/2019\/12\/58d65062-7d06-4260-9c8a-f8a1cc5642ae_w1920_r1.7777777777777777_fpx34.45_fpy49.98-300x169.jpg 300w, https:\/\/vozoperario.pt\/jornal\/wp-content\/uploads\/2019\/12\/58d65062-7d06-4260-9c8a-f8a1cc5642ae_w1920_r1.7777777777777777_fpx34.45_fpy49.98-768x432.jpg 768w, https:\/\/vozoperario.pt\/jornal\/wp-content\/uploads\/2019\/12\/58d65062-7d06-4260-9c8a-f8a1cc5642ae_w1920_r1.7777777777777777_fpx34.45_fpy49.98-220x124.jpg 220w, https:\/\/vozoperario.pt\/jornal\/wp-content\/uploads\/2019\/12\/58d65062-7d06-4260-9c8a-f8a1cc5642ae_w1920_r1.7777777777777777_fpx34.45_fpy49.98.jpg 1920w\" sizes=\"(max-width: 1024px) 100vw, 1024px\" \/><\/figure>\n\n\n\n<p>Outro dado muitas vezes desconhecido \u00e9 a decis\u00e3o que os tribunais da RFA tomaram em agosto de 1956 de proibir o hist\u00f3rico Partido Comunista da Alemanha enquanto na RDA coexistia a Uni\u00e3o Democr\u00e1tica Crist\u00e3 (CDU), que hoje governa a Alemanha, com outros partidos liberais e o Partido Socialista Unificado da Alemanha (SED). Por exemplo, em 1972, quando a RDA aprovou a legaliza\u00e7\u00e3o do aborto, a maioria dos deputados democratas-crist\u00e3os votaram contra a decis\u00e3o no parlamento. A legisla\u00e7\u00e3o na RFA em rela\u00e7\u00e3o \u00e0 interrup\u00e7\u00e3o da gravidez foi, ali\u00e1s, sempre mais restrita do que na RDA.<\/p>\n\n\n\n<p>Tamb\u00e9m \u00e9 pouco conhecido que a legisla\u00e7\u00e3o aprovada em 1968 a favor dos direitos da comunidade de l\u00e9sbicas, gays, bissexuais e transexuais (LGBT), ano em que desapareceu o artigo 175 do c\u00f3digo penal que condenava as rela\u00e7\u00f5es homossexuais &#8211; que na RFA se manteve at\u00e9 cinco anos depois da queda do muro &#8211; permitiu a cria\u00e7\u00e3o de associa\u00e7\u00f5es para reivindicar avan\u00e7os para este setor da sociedade.<br><\/p>\n\n\n\n<p>Como na maioria dos pa\u00edses, tamb\u00e9m a RDA partia de um ponto de partida em que a sociedade estava contaminada por preconceitos, que n\u00e3o sendo uma discrimina\u00e7\u00e3o estrutural, todavia subsistiam. No m\u00eas em que caiu o muro, foi entregue ao governo uma peti\u00e7\u00e3o sobre uni\u00f5es de facto e ado\u00e7\u00e3o por parte de pessoas do mesmo sexo, algo que em pa\u00edses como Portugal, s\u00f3 come\u00e7ou a ter for\u00e7a social e pol\u00edtica d\u00e9cadas depois com o casamento a ser aprovado em 2010 e a ado\u00e7\u00e3o cinco anos depois.<\/p>\n\n\n\n<h2 class=\"wp-block-heading\">Como se vivia na RDA?<\/h2>\n\n\n\n<figure class=\"wp-block-image\"><img decoding=\"async\" loading=\"lazy\" width=\"500\" height=\"281\" src=\"https:\/\/vozoperario.pt\/jornal\/wp-content\/uploads\/2019\/12\/image-615989-860_poster_16x9-guel-615989.jpg\" alt=\"\" class=\"wp-image-2795\" srcset=\"https:\/\/vozoperario.pt\/jornal\/wp-content\/uploads\/2019\/12\/image-615989-860_poster_16x9-guel-615989.jpg 500w, https:\/\/vozoperario.pt\/jornal\/wp-content\/uploads\/2019\/12\/image-615989-860_poster_16x9-guel-615989-300x169.jpg 300w, https:\/\/vozoperario.pt\/jornal\/wp-content\/uploads\/2019\/12\/image-615989-860_poster_16x9-guel-615989-220x124.jpg 220w\" sizes=\"(max-width: 500px) 100vw, 500px\" \/><\/figure>\n\n\n\n<p>Num pa\u00eds com uma economia planificada, a RDA p\u00f4de mecanizar progressivamente a agricultura e a ind\u00fastria sem que isso fosse sin\u00f3nimo de desemprego. O pleno emprego estava, ali\u00e1s, institu\u00eddo pela legisla\u00e7\u00e3o laboral e os meios humanos passaram a estar dedicados a setores onde o trabalho n\u00e3o \u00e9 automatiz\u00e1vel como a sa\u00fade e assist\u00eancia social, servi\u00e7os p\u00fablicos em geral, o com\u00e9rcio e a restaura\u00e7\u00e3o.<\/p>\n\n\n\n<p>O investimento, por exemplo, n\u00e3o estava sujeito ao capricho da estrat\u00e9gia individual de cada empresa mas antes \u00e0 aplica\u00e7\u00e3o planificada do desenvolvimento da ind\u00fastria, da ci\u00eancia e da t\u00e9cnica, assim como \u00e0 cria\u00e7\u00e3o de emprego.<br><\/p>\n\n\n\n<p>No dia-a-dia dos alem\u00e3es orientais, os pre\u00e7os de produtos de primeira necessidade como o p\u00e3o, a carne, batatas, o arroz ou o leite permaneciam inalterados h\u00e1 30 anos nos anos 80. Tamb\u00e9m permaneciam estabilizados os alugueres das casas, o aquecimento, a energia el\u00e9trica, os transportes e outros servi\u00e7os p\u00fablicos.<br><\/p>\n\n\n\n<p>Entre 1974 e 1984, o sal\u00e1rio dos oper\u00e1rios industriais subiu 29,4%. Se comparado com 1970, os n\u00fameros s\u00e3o ainda mais impressionantes. A subida para oper\u00e1rios e empregados em geral representou 45% enquanto se mantinham os pre\u00e7os dos servi\u00e7os e produtos b\u00e1sicos. Em m\u00e9dia, um casal recebia 1800 marcos l\u00edquidos. Desse valor, cerca de 50 marcos destinavam-se ao aluguer de casa. Ou seja, a maioria pagava entre 3% e 5% do sal\u00e1rio pela habita\u00e7\u00e3o.<br><\/p>\n\n\n\n<p>Os sucessivos aumentos de sal\u00e1rios servia, sobretudo, para facilitar a compra de artigos de consumo duradouro como m\u00e1quinas de lavar a roupa, frigor\u00edficos ou televis\u00f5es, que existiam em quase todas as casas. Cerca de 44% das casas tinha um autom\u00f3vel. S\u00e3o n\u00fameros impressionantes se comparados com Portugal.<br><\/p>\n\n\n\n<p>Para al\u00e9m de um importante apoio \u00e0 maternidade e educa\u00e7\u00e3o, que era gratuita, com elevados n\u00edveis de ingresso na universidade, tamb\u00e9m o acesso \u00e0 sa\u00fade era gratuito. Para al\u00e9m dos descontos, n\u00e3o havia qualquer valor a pagar por tratamentos odontol\u00f3gicos, incluindo pr\u00f3teses dent\u00e1rias, por \u00f3culos e tamb\u00e9m opera\u00e7\u00f5es est\u00e9ticas se prescritas por um m\u00e9dico.<br><\/p>\n\n\n\n<p>Depois de d\u00e9cadas de ass\u00e9dio, campanhas de desinforma\u00e7\u00e3o e promo\u00e7\u00e3o da divis\u00e3o interna, a Alemanha n\u00e3o foi reunificada. A RDA foi assimilada e persistem, todavia, diferen\u00e7as graves no que diz respeito aos indicadores sociais entre os dois lados da Alemanha. O desemprego, a precariedade, a especula\u00e7\u00e3o imobili\u00e1ria passaram a fazer parte da realidade do Leste da Alemanha.<br><\/p>\n","protected":false},"excerpt":{"rendered":"<p>Quando passam tr\u00eas d\u00e9cadas do fim da barreira que ficou conhecida como Muro de Berlim, ainda n\u00e3o houve a oportunidade para olhar criticamente para a hist\u00f3ria das duas Alemanhas para al\u00e9m da narrativa paneg\u00edrica produzida pelo Ocidente. Depois de a barb\u00e1rie nazi ter mergulhado a Europa na mais brutal das guerras, a Alemanha \u00e9 derrotada &hellip; <a href=\"https:\/\/vozoperario.pt\/jornal\/2019\/12\/02\/a-alemanha-que-caiu-com-o-muro\/\" class=\"more-link\">Continue reading <span class=\"screen-reader-text\">A Alemanha que caiu com o muro<\/span><\/a><\/p>\n","protected":false},"author":5,"featured_media":2794,"comment_status":"closed","ping_status":"closed","sticky":false,"template":"","format":"standard","meta":[],"categories":[47],"tags":[],"coauthors":[71],"acf":[],"_links":{"self":[{"href":"https:\/\/vozoperario.pt\/jornal\/wp-json\/wp\/v2\/posts\/2793"}],"collection":[{"href":"https:\/\/vozoperario.pt\/jornal\/wp-json\/wp\/v2\/posts"}],"about":[{"href":"https:\/\/vozoperario.pt\/jornal\/wp-json\/wp\/v2\/types\/post"}],"author":[{"embeddable":true,"href":"https:\/\/vozoperario.pt\/jornal\/wp-json\/wp\/v2\/users\/5"}],"replies":[{"embeddable":true,"href":"https:\/\/vozoperario.pt\/jornal\/wp-json\/wp\/v2\/comments?post=2793"}],"version-history":[{"count":10,"href":"https:\/\/vozoperario.pt\/jornal\/wp-json\/wp\/v2\/posts\/2793\/revisions"}],"predecessor-version":[{"id":8535,"href":"https:\/\/vozoperario.pt\/jornal\/wp-json\/wp\/v2\/posts\/2793\/revisions\/8535"}],"wp:featuredmedia":[{"embeddable":true,"href":"https:\/\/vozoperario.pt\/jornal\/wp-json\/wp\/v2\/media\/2794"}],"wp:attachment":[{"href":"https:\/\/vozoperario.pt\/jornal\/wp-json\/wp\/v2\/media?parent=2793"}],"wp:term":[{"taxonomy":"category","embeddable":true,"href":"https:\/\/vozoperario.pt\/jornal\/wp-json\/wp\/v2\/categories?post=2793"},{"taxonomy":"post_tag","embeddable":true,"href":"https:\/\/vozoperario.pt\/jornal\/wp-json\/wp\/v2\/tags?post=2793"},{"taxonomy":"author","embeddable":true,"href":"https:\/\/vozoperario.pt\/jornal\/wp-json\/wp\/v2\/coauthors?post=2793"}],"curies":[{"name":"wp","href":"https:\/\/api.w.org\/{rel}","templated":true}]}}