{"id":2732,"date":"2019-11-07T10:16:32","date_gmt":"2019-11-07T10:16:32","guid":{"rendered":"https:\/\/vozoperario.pt\/jornal\/?p=2732"},"modified":"2019-11-07T10:16:37","modified_gmt":"2019-11-07T10:16:37","slug":"mais-funcionarios-menos-violencia","status":"publish","type":"post","link":"https:\/\/vozoperario.pt\/jornal\/2019\/11\/07\/mais-funcionarios-menos-violencia\/","title":{"rendered":"Mais funcion\u00e1rios, menos viol\u00eancia"},"content":{"rendered":"\n<p>A Federa\u00e7\u00e3o Nacional dos Professores (Fenprof) exige mais funcion\u00e1rios nas escolas e a redu\u00e7\u00e3o do n\u00famero de alunos por turma para combater situa\u00e7\u00f5es de viol\u00eancia e indisciplina. M\u00e1rio Nogueira acusou o Minist\u00e9rio da Educa\u00e7\u00e3o de apenas reagir, com afirma\u00e7\u00f5es gen\u00e9ricas para repudiar \u201ctodas as formas de viol\u00eancia na escola\u201d, depois de ser confrontado pelos jornalistas.<br><br> \u201cO que os professores esperavam ouvir do Minist\u00e9rio da Educa\u00e7\u00e3o, desde logo do ministro era que se afirmasse, sem rodeios, a condena\u00e7\u00e3o da viol\u00eancia exercida sobre os professores e que estes merecem e t\u00eam de ser respeitados\u201d, declarou o sindicalista citado pelo AbrilAbril.<br><br>A Fenprof considera que a solu\u00e7\u00e3o passa por garantir apoios espec\u00edficos nas turmas de alunos com necessidades educativas especiais e apoio jur\u00eddico aos docentes quando s\u00e3o amea\u00e7ados ou agredidos.<br><br>A cria\u00e7\u00e3o de um Observat\u00f3rio para a Viol\u00eancia nas Escolas \u2013 com representantes do Minist\u00e9rio, professores, auxiliares, encarregados de educa\u00e7\u00e3o e alunos, elementos do programa Escola Segura e acad\u00e9micos \u2013 \u00e9 outra das propostas a apresentar no in\u00edcio da legislatura.<br><\/p>\n","protected":false},"excerpt":{"rendered":"<p>A Federa\u00e7\u00e3o Nacional dos Professores (Fenprof) exige mais funcion\u00e1rios nas escolas e a redu\u00e7\u00e3o do n\u00famero de alunos por turma para combater situa\u00e7\u00f5es de viol\u00eancia e indisciplina. M\u00e1rio Nogueira acusou o Minist\u00e9rio da Educa\u00e7\u00e3o de apenas reagir, com afirma\u00e7\u00f5es gen\u00e9ricas para repudiar \u201ctodas as formas de viol\u00eancia na escola\u201d, depois de ser confrontado pelos jornalistas. &hellip; <a href=\"https:\/\/vozoperario.pt\/jornal\/2019\/11\/07\/mais-funcionarios-menos-violencia\/\" class=\"more-link\">Continue reading <span class=\"screen-reader-text\">Mais funcion\u00e1rios, menos viol\u00eancia<\/span><\/a><\/p>\n","protected":false},"author":153,"featured_media":2733,"comment_status":"closed","ping_status":"closed","sticky":false,"template":"","format":"standard","meta":[],"categories":[106,45],"tags":[],"coauthors":[89],"acf":[],"_links":{"self":[{"href":"https:\/\/vozoperario.pt\/jornal\/wp-json\/wp\/v2\/posts\/2732"}],"collection":[{"href":"https:\/\/vozoperario.pt\/jornal\/wp-json\/wp\/v2\/posts"}],"about":[{"href":"https:\/\/vozoperario.pt\/jornal\/wp-json\/wp\/v2\/types\/post"}],"author":[{"embeddable":true,"href":"https:\/\/vozoperario.pt\/jornal\/wp-json\/wp\/v2\/users\/153"}],"replies":[{"embeddable":true,"href":"https:\/\/vozoperario.pt\/jornal\/wp-json\/wp\/v2\/comments?post=2732"}],"version-history":[{"count":2,"href":"https:\/\/vozoperario.pt\/jornal\/wp-json\/wp\/v2\/posts\/2732\/revisions"}],"predecessor-version":[{"id":2735,"href":"https:\/\/vozoperario.pt\/jornal\/wp-json\/wp\/v2\/posts\/2732\/revisions\/2735"}],"wp:featuredmedia":[{"embeddable":true,"href":"https:\/\/vozoperario.pt\/jornal\/wp-json\/wp\/v2\/media\/2733"}],"wp:attachment":[{"href":"https:\/\/vozoperario.pt\/jornal\/wp-json\/wp\/v2\/media?parent=2732"}],"wp:term":[{"taxonomy":"category","embeddable":true,"href":"https:\/\/vozoperario.pt\/jornal\/wp-json\/wp\/v2\/categories?post=2732"},{"taxonomy":"post_tag","embeddable":true,"href":"https:\/\/vozoperario.pt\/jornal\/wp-json\/wp\/v2\/tags?post=2732"},{"taxonomy":"author","embeddable":true,"href":"https:\/\/vozoperario.pt\/jornal\/wp-json\/wp\/v2\/coauthors?post=2732"}],"curies":[{"name":"wp","href":"https:\/\/api.w.org\/{rel}","templated":true}]}}